{"id":2181,"date":"2019-02-22T18:36:40","date_gmt":"2019-02-22T17:36:40","guid":{"rendered":"http:\/\/www.caroline-francois-rubino.com\/le-dernier-cerisier-the-last-cherry-tree-john-taylor\/"},"modified":"2021-04-22T08:38:18","modified_gmt":"2021-04-22T06:38:18","slug":"le-dernier-cerisier-the-last-cherry-tree-john-taylor","status":"publish","type":"post","link":"https:\/\/www.caroline-francois-rubino.com\/en\/le-dernier-cerisier-the-last-cherry-tree-john-taylor\/","title":{"rendered":"Le dernier cerisier \/ The Last Cherry Tree &#8211; John Taylor"},"content":{"rendered":"<div class=\"flex_column av_one_full  flex_column_div av-zero-column-padding first  \" style='border-radius:0px; '><div style='height:60px' class='hr hr-invisible  '><span class='hr-inner ' ><span class='hr-inner-style'><\/span><\/span><\/div><\/div>\n<div class=\"flex_column av_one_full  flex_column_div av-zero-column-padding first  \" style='border-radius:0px; '><section class=\"av_textblock_section \"  itemscope=\"itemscope\" itemtype=\"https:\/\/schema.org\/BlogPosting\" itemprop=\"blogPost\" ><div class='avia_textblock  '   itemprop=\"text\" ><h3><a href=\"http:\/\/www.caroline-francois-rubino.com\/wp-content\/uploads\/2019\/02\/Le-dernier-cerisier-The-Last-Cherry-Tree.jpg\"><img loading=\"lazy\" decoding=\"async\" class=\"alignright wp-image-2177\" title=\"Le dernier cerisier \/ The Last Cherry Tree - John Taylor\" src=\"http:\/\/www.caroline-francois-rubino.com\/wp-content\/uploads\/2019\/02\/Le-dernier-cerisier-The-Last-Cherry-Tree-212x300.jpg\" alt=\"\" width=\"300\" height=\"424\" srcset=\"https:\/\/www.caroline-francois-rubino.com\/wp-content\/uploads\/2019\/02\/Le-dernier-cerisier-The-Last-Cherry-Tree-212x300.jpg 212w, https:\/\/www.caroline-francois-rubino.com\/wp-content\/uploads\/2019\/02\/Le-dernier-cerisier-The-Last-Cherry-Tree.jpg 438w\" sizes=\"auto, (max-width: 300px) 100vw, 300px\" \/><\/a>Le dernier cerisier \/ The Last Cherry Tree &#8211; John Taylor<\/h3>\n<p>With watercolours by Caroline Fran\u00e7ois-Rubino<br \/>\n<span id=\"fbPhotoSnowliftCaption\" class=\"fbPhotosPhotoCaption\" tabindex=\"0\" aria-live=\"polite\" data-ft=\"{\"><span class=\"hasCaption\">Translated by <span class=\"text_exposed_show\">Fran\u00e7oise Daviet-Taylor<br \/>\n<a href=\"http:\/\/www.voix-dencre.net\/spip.php?article356\">Voix d&#8217;encre<\/a> Editions<br \/>\nMarch 2019<\/span><\/span><\/span><\/p>\n<p>\u2022\u00a0 <a href=\"http:\/\/delarthelvetiquecontemporain.blog.24heures.ch\/archive\/2019\/02\/24\/caroline-francois-rubino-et-john-taylor-crepuscules-867001.html?fbclid=IwAR0hkrQSOHCs1OreW5dc4Qgb5JMrSW_kkQTLmh9lrtRmsvkhHpD2qer19wg\">Caroline Fran\u00e7ois-Rubino et John Taylor : cr\u00e9puscules par Jean-Paul Gavard-Perret<\/a><\/p>\n<p>\u2022\u00a0 <a href=\"https:\/\/www.mobilis-paysdelaloire.fr\/magazine\/livres\/dernier-cerisier-de-john-taylor\">Le dernier cerisier, de John Taylor &#8211;\u00a0Lecture de Claire-Neige Jaunet &#8211; Mobilis &#8211; Pays de Loire<\/a><\/p>\n<p>\u2022\u00a0 <a href=\"http:\/\/www.lacauselitteraire.fr\/le-dernier-cerisier-john-taylor-par-didier-ayres?fbclid=IwAR1RFTFQp8QGGBs8v7FMf506YkTAhsEV315TylsQfeCSHeReDZQdNM-NUl8\">Le Dernier cerisier,\u00a0<\/a><a href=\"http:\/\/www.lacauselitteraire.fr\/le-dernier-cerisier-john-taylor-par-didier-ayres?fbclid=IwAR1RFTFQp8QGGBs8v7FMf506YkTAhsEV315TylsQfeCSHeReDZQdNM-NUl8\">John Taylor, <\/a><a href=\"http:\/\/www.lacauselitteraire.fr\/le-dernier-cerisier-john-taylor-par-didier-ayres?fbclid=IwAR1RFTFQp8QGGBs8v7FMf506YkTAhsEV315TylsQfeCSHeReDZQdNM-NUl8\">par Didier Ayres &#8211; <\/a><a href=\"http:\/\/www.lacauselitteraire.fr\/le-dernier-cerisier-john-taylor-par-didier-ayres?fbclid=IwAR1RFTFQp8QGGBs8v7FMf506YkTAhsEV315TylsQfeCSHeReDZQdNM-NUl8\">La Cause Litt\u00e9raire<\/a><\/p>\n<p>\u2022\u00a0 <a href=\"https:\/\/www.sitaudis.fr\/Parutions\/le-dernier-cerisier-de-john-taylor-1564114473.php\">Parutions &#8211; Le dernier cerisier de John Taylor par Tristan Hord\u00e9 &#8211; <\/a><a href=\"https:\/\/www.sitaudis.fr\/Parutions\/le-dernier-cerisier-de-john-taylor-1564114473.php\">Sitaudis<\/a><\/p>\n<p>\u2022\u00a0 <a href=\"http:\/\/www.dechargelarevue.com\/I-D-no-812-Tant-de-choses-ont-lieu-sans-toi.html\">Tant de choses ont lieu sans toi par Claude Vercey &#8211; <\/a><a href=\"http:\/\/www.dechargelarevue.com\/I-D-no-812-Tant-de-choses-ont-lieu-sans-toi.html\">Revue La D\u00e9charge<\/a><\/p>\n<p>\u2022\u00a0 <a href=\"https:\/\/murielecamac.blogspot.com\/2019\/06\/john-taylor-le-recueil-le-dernier.html?fbclid=IwAR2aMJslgPSq42mvqdCdaBcuBQm5GT1751e3janGB-WNCcQEKjg8IegyUnY\">John Taylor &#8211; Le dernier cerisier par Muriele Camac<\/a><\/p>\n<p>\u2022\u00a0 <a href=\"https:\/\/pierresel.typepad.fr\/la-pierre-et-le-sel\/2019\/06\/recueil-john-taylor-le-dernier-cerisier.html?fbclid=IwAR1I2GizqWnmpzC6O8m0K8Ukrmce_kCvm08rU2G94FK-3pjUAxrR_VPX1Gg\">Recueil : John Taylor | Le dernier cerisier par Pierre Kobel &#8211; La pierre et le sel<\/a><\/p>\n<p>\u2022\u00a0 Un article d\u2019Olivier Mass\u00e9 publi\u00e9 dans la revue Di\u00e9r\u00e8se, n\u00b0 76, 2019<\/p>\n<p>\u2022\u00a0 Un article de Philippe Mathy publi\u00e9 dans la revue Le Journal des Po\u00e8tes, n\u00b0 3, 2019<\/p>\n<p>\u2022\u00a0 <a href=\"https:\/\/aujourlanuitjjm.wordpress.com\/2019\/04\/12\/le-dernier-cerisier\/\">Le dernier cerisier de John Taylor\/Mise en voix par Jean-Jacques Marimbert<\/a><\/p>\n<p>\u2022\u00a0 The French poet <a href=\"http:\/\/sabinehuynh.com\/\">Sabine Huynh<\/a> has made this fine presentation of <a href=\"http:\/\/www.voix-dencre.net\/spip.php?article356\"><em>Le dernier cerisier<\/em><\/a> (\u00c9ditions Voix d\u2019encre) in the review <a href=\"https:\/\/www.terreaciel.net\/Lus-un-jour-aimes-pour-toujours-11#.XSBWLpMzZo4\"><em>Terre \u00e0 ciel<\/em><\/a>:<\/p>\n<p><strong>John Taylor,\u00a0<a href=\"http:\/\/www.voix-dencre.net\/spip.php?article356\"><i>Le dernier cerisier \u2013 The Last Cherry Tree<\/i><\/a>, bilingue, avec des aquarelles de Caroline Fran\u00e7ois-Rubino. Textes en anglais\u00a0: John Taylor, traduction\u00a0: Fran\u00e7oise Daviet-Taylor. \u00c9ditions Voix d\u2019encre, 2019.<\/strong><\/p>\n<p style=\"text-align: justify;\">Il y a\u2026 ce cerisier d\u2019antan, le dernier, encore l\u00e0, avec ses fruits, ses branches, \u00ab\u00a0que tu n\u2019as jamais touch\u00e9es \/ ne toucheras jamais\u00a0\u00bb, \u00ab\u00a0ses formes noires\u00a0\u00bb aussi. Il y a quelqu\u2019un qui, loin, est devenu \u00ab\u00a0quelqu\u2019un d\u2019autre\u00a0\u00bb, mais qui continue \u00e0 porter l\u2019image du cerisier dans ses yeux, comme un phare dans la brume. Il y a les r\u00eaveries, mais aussi tout ce que charrient \u00ab\u00a0la neige \/ l\u2019eau \/\/ de l\u2019enfance\u00a0\u00bb, le froid de l\u2019enfance, la sensation de vide et, au milieu, une m\u00e8re, \u00ab\u00a0elle est morte \/\/ au c\u0153ur m\u00eame de la blancheur\u00a0\u00bb. Il y a des paysages d\u2019aquarelle qui montrent la vaillance de la maigre silhouette qui se tord\u00a0: l\u2019arbre dans la temp\u00eate de neige, dans le vent et le brouillard. Il y a les trames derri\u00e8re lesquelles les troncs se profilent, fr\u00eales, pench\u00e9s, pi\u00e9g\u00e9s, \u00e9vanescents, revenants\u00a0: il y a le cours de la vie, le ciseau d\u2019Atropos. Il y a l\u2019herbe qui se dresse comme une \u00e9criture soulignant de nouveaux paysages, qui se densifie jusqu\u2019\u00e0 se muer en for\u00eats sous des cieux s\u2019\u00e9claircissant, qui eux-m\u00eames se traduisent en mers et champs, o\u00f9 la neige s\u2019entasse, renvoyant la lumi\u00e8re qui reste.<\/p>\n<table width=\"100%\">\n<tbody>\n<tr>\n<td valign=\"top\" width=\"40%\">\u00ab\u00a0wherever you are<br class=\"autobr\" \/>is your homelandthere is no cherry tree<br class=\"autobr\" \/>now there is one<\/p>\n<p>it rises in your mind<br class=\"autobr\" \/>on this sheet of paper<br class=\"autobr\" \/>on this page\u00a0\u00bb<\/td>\n<td valign=\"top\" width=\"45%\">\u00ab\u00a0o\u00f9 que tu sois<br class=\"autobr\" \/>est ton pays natalaucun cerisier ne s\u2019y trouve<br class=\"autobr\" \/>puis il y en a un<\/p>\n<p>il s\u2019\u00e9l\u00e8ve dans ton esprit<br class=\"autobr\" \/>sur cette feuille de papier<br class=\"autobr\" \/>sur cette page\u00a0\u00bb<\/td>\n<\/tr>\n<\/tbody>\n<\/table>\n<p><span class=\"spip_document_2914 spip_documents spip_documents_center\"><img loading=\"lazy\" decoding=\"async\" src=\"https:\/\/www.terreaciel.net\/local\/cache-vignettes\/L500xH282\/cherry-da0ce.jpg?1561886787\" alt=\"\" width=\"500\" height=\"282\" \/><\/span><\/p>\n<div id=\"attachment_1293\" class=\"wp-caption aligncenter\"><\/div>\n<\/div><\/section><\/div>\n","protected":false},"excerpt":{"rendered":"","protected":false},"author":2,"featured_media":2178,"comment_status":"closed","ping_status":"closed","sticky":false,"template":"","format":"standard","meta":{"footnotes":""},"categories":[10],"tags":[],"class_list":["post-2181","post","type-post","status-publish","format-standard","has-post-thumbnail","hentry","category-books"],"_links":{"self":[{"href":"https:\/\/www.caroline-francois-rubino.com\/en\/wp-json\/wp\/v2\/posts\/2181\/"}],"collection":[{"href":"https:\/\/www.caroline-francois-rubino.com\/en\/wp-json\/wp\/v2\/posts\/"}],"about":[{"href":"https:\/\/www.caroline-francois-rubino.com\/en\/wp-json\/wp\/v2\/types\/post\/"}],"author":[{"embeddable":true,"href":"https:\/\/www.caroline-francois-rubino.com\/en\/wp-json\/wp\/v2\/users\/2\/"}],"replies":[{"embeddable":true,"href":"https:\/\/www.caroline-francois-rubino.com\/en\/wp-json\/wp\/v2\/comments\/?post=2181"}],"version-history":[{"count":20,"href":"https:\/\/www.caroline-francois-rubino.com\/en\/wp-json\/wp\/v2\/posts\/2181\/revisions\/"}],"predecessor-version":[{"id":3409,"href":"https:\/\/www.caroline-francois-rubino.com\/en\/wp-json\/wp\/v2\/posts\/2181\/revisions\/3409\/"}],"wp:featuredmedia":[{"embeddable":true,"href":"https:\/\/www.caroline-francois-rubino.com\/en\/wp-json\/wp\/v2\/media\/2178\/"}],"wp:attachment":[{"href":"https:\/\/www.caroline-francois-rubino.com\/en\/wp-json\/wp\/v2\/media\/?parent=2181"}],"wp:term":[{"taxonomy":"category","embeddable":true,"href":"https:\/\/www.caroline-francois-rubino.com\/en\/wp-json\/wp\/v2\/categories\/?post=2181"},{"taxonomy":"post_tag","embeddable":true,"href":"https:\/\/www.caroline-francois-rubino.com\/en\/wp-json\/wp\/v2\/tags\/?post=2181"}],"curies":[{"name":"wp","href":"https:\/\/api.w.org\/{rel}","templated":true}]}}