{"id":2251,"date":"2019-05-03T19:06:27","date_gmt":"2019-05-03T17:06:27","guid":{"rendered":"http:\/\/www.caroline-francois-rubino.com\/?p=2251"},"modified":"2024-07-13T10:33:28","modified_gmt":"2024-07-13T08:33:28","slug":"apres-pierre-dhainaut","status":"publish","type":"post","link":"https:\/\/www.caroline-francois-rubino.com\/en\/apres-pierre-dhainaut\/","title":{"rendered":"Apr\u00e8s &#8211; Pierre Dhainaut"},"content":{"rendered":"<div class=\"flex_column av_one_full  flex_column_div av-zero-column-padding first  \" style='border-radius:0px; '><div style='height:60px' class='hr hr-invisible  '><span class='hr-inner ' ><span class='hr-inner-style'><\/span><\/span><\/div><\/div>\n<div class=\"flex_column av_one_full  flex_column_div av-zero-column-padding first  \" style='border-radius:0px; '><section class=\"av_textblock_section \"  itemscope=\"itemscope\" itemtype=\"https:\/\/schema.org\/BlogPosting\" itemprop=\"blogPost\" ><div class='avia_textblock  '   itemprop=\"text\" ><h3><a href=\"http:\/\/www.caroline-francois-rubino.com\/wp-content\/uploads\/2019\/11\/Apr\u00e8s-1.jpg\"><img loading=\"lazy\" decoding=\"async\" class=\"alignright wp-image-2371 size-medium\" title=\"Apr\u00e8s - Pierre Dhainaut\" src=\"http:\/\/www.caroline-francois-rubino.com\/wp-content\/uploads\/2019\/11\/Apr\u00e8s-1-212x300.jpg\" alt=\"\" width=\"212\" height=\"300\" srcset=\"https:\/\/www.caroline-francois-rubino.com\/wp-content\/uploads\/2019\/11\/Apr\u00e8s-1-212x300.jpg 212w, https:\/\/www.caroline-francois-rubino.com\/wp-content\/uploads\/2019\/11\/Apr\u00e8s-1.jpg 424w\" sizes=\"auto, (max-width: 212px) 100vw, 212px\" \/><\/a><\/h3>\n<h3><\/h3>\n<h3>Apr\u00e8s &#8211; Pierre Dhainaut<\/h3>\n<p>With watercolours by Caroline Fran\u00e7ois-Rubino<br \/>\n<span id=\"fbPhotoSnowliftCaption\" class=\"fbPhotosPhotoCaption\" tabindex=\"0\" aria-live=\"polite\" data-ft=\"{\"><span class=\"hasCaption\"><span class=\"text_exposed_show\"><a href=\"https:\/\/lherbequitremble.fr\/livres\/apres.html\">L&#8217;herbe qui tremble<\/a> Editions<br \/>\nApril 2019<\/span><\/span><\/span><\/p>\n<p><span class=\"texte\">\u2022\u00a0 Lecture de C\u00e9cile Guivarch sur <a class=\"texte-lien\" href=\"https:\/\/www.terreaciel.net\/Hep-Lectures-fraiches-Juillet-2019#.XSVrxNSLTDc\" target=\"_blank\" rel=\"noopener\">Terre \u00e0 ciel<\/a><br \/>\n\u2022\u00a0 \u00ab\u00a0Feuillets au vent de la vie et de la mort \u00bb, par Sylvie Fabre G. dans la revue <a class=\"texte-lien\" href=\"https:\/\/terresdefemmes.blogs.com\/mon_weblog\/2019\/06\/pierre-dhainaut-apr%C3%A8s-par-sylvie-fabre-g.html\" target=\"_blank\" rel=\"noopener\">Terres de Femmes<\/a><br \/>\n\u2022\u00a0 Lecture d\u2019Ir\u00e8ne Dub\u0153uf sur <a class=\"texte-lien\" href=\"https:\/\/www.recoursaupoeme.fr\/pierre-dhainaut-apres-2\/\">Recours au po\u00e8me<\/a> <\/span><span class=\"texte\"><br \/>\n<\/span>\u2022\u00a0 Lecture de Sabine Dewulf parue dans le num\u00e9ro 77 de la revue Di\u00e9r\u00e8se (Automne\/Hiver 2019)<br \/>\n\u2022\u00a0 Lecture d&#8217;Isabelle L\u00e9vesque dans la revue <a href=\"https:\/\/terresdefemmes.blogs.com\/mon_weblog\/2019\/10\/pierre-dhainaut-apr%C3%A8s-par-isabelle-l%C3%A9vesque.html\">Terres de femmes<\/a><br \/>\n\u2022\u00a0 Lecture de Ludovic Degroote sur <a href=\"https:\/\/poezibao.typepad.com\/poezibao\/2019\/08\/note-de-lecture-pierre-dhainaut-apr%C3%A8s-par-ludovic-degroote.html\">Poezibao<\/a><br \/>\n\u2022\u00a0 Lecture de Jacques Goorma sur <a href=\"https:\/\/www.recoursaupoeme.fr\/pierre-dhainaut-apres\/\">Recours au po\u00e8me<\/a><\/p>\n<\/div><\/section><\/div>\n","protected":false},"excerpt":{"rendered":"","protected":false},"author":2,"featured_media":2371,"comment_status":"closed","ping_status":"closed","sticky":false,"template":"","format":"standard","meta":{"footnotes":""},"categories":[10],"tags":[],"class_list":["post-2251","post","type-post","status-publish","format-standard","has-post-thumbnail","hentry","category-books"],"_links":{"self":[{"href":"https:\/\/www.caroline-francois-rubino.com\/en\/wp-json\/wp\/v2\/posts\/2251\/"}],"collection":[{"href":"https:\/\/www.caroline-francois-rubino.com\/en\/wp-json\/wp\/v2\/posts\/"}],"about":[{"href":"https:\/\/www.caroline-francois-rubino.com\/en\/wp-json\/wp\/v2\/types\/post\/"}],"author":[{"embeddable":true,"href":"https:\/\/www.caroline-francois-rubino.com\/en\/wp-json\/wp\/v2\/users\/2\/"}],"replies":[{"embeddable":true,"href":"https:\/\/www.caroline-francois-rubino.com\/en\/wp-json\/wp\/v2\/comments\/?post=2251"}],"version-history":[{"count":14,"href":"https:\/\/www.caroline-francois-rubino.com\/en\/wp-json\/wp\/v2\/posts\/2251\/revisions\/"}],"predecessor-version":[{"id":5423,"href":"https:\/\/www.caroline-francois-rubino.com\/en\/wp-json\/wp\/v2\/posts\/2251\/revisions\/5423\/"}],"wp:featuredmedia":[{"embeddable":true,"href":"https:\/\/www.caroline-francois-rubino.com\/en\/wp-json\/wp\/v2\/media\/2371\/"}],"wp:attachment":[{"href":"https:\/\/www.caroline-francois-rubino.com\/en\/wp-json\/wp\/v2\/media\/?parent=2251"}],"wp:term":[{"taxonomy":"category","embeddable":true,"href":"https:\/\/www.caroline-francois-rubino.com\/en\/wp-json\/wp\/v2\/categories\/?post=2251"},{"taxonomy":"post_tag","embeddable":true,"href":"https:\/\/www.caroline-francois-rubino.com\/en\/wp-json\/wp\/v2\/tags\/?post=2251"}],"curies":[{"name":"wp","href":"https:\/\/api.w.org\/{rel}","templated":true}]}}