{"id":3587,"date":"2026-04-01T20:25:21","date_gmt":"2026-04-01T18:25:21","guid":{"rendered":"https:\/\/www.caroline-francois-rubino.com\/?p=3587"},"modified":"2024-11-11T18:12:14","modified_gmt":"2024-11-11T17:12:14","slug":"artists-books","status":"publish","type":"post","link":"https:\/\/www.caroline-francois-rubino.com\/en\/artists-books\/","title":{"rendered":"\u2014 Artists&#8217; books \u2014 Collections \u2014"},"content":{"rendered":"<div class=\"flex_column av_one_full  av-animated-generic fade-in  flex_column_div av-zero-column-padding first  \" style='border-radius:0px; '><div style='height:80px' class='hr hr-invisible  '><span class='hr-inner ' ><span class='hr-inner-style'><\/span><\/span><\/div><\/div>\n<div class=\"flex_column av_one_full  av-animated-generic fade-in  flex_column_div av-zero-column-padding first  \" style='border-radius:0px; '><div id='av-masonry-1' class='av-masonry  noHover av-flex-size av-large-gap av-hover-overlay-active av-masonry-col-6 av-caption-always av-caption-style- av-masonry-gallery     '  ><div class='av-masonry-container isotope av-js-disabled ' ><div class='av-masonry-entry isotope-item av-masonry-item-no-image '><\/div><a href=\"https:\/\/www.caroline-francois-rubino.com\/wp-content\/uploads\/2021\/04\/IMG_0615-1-1200x900.jpg\" id='av-masonry-1-item-3582' data-av-masonry-item='3582' class='av-masonry-entry isotope-item post-3582 attachment type-attachment status-inherit hentry  av-masonry-item-with-image' title=\"\"  itemprop=\"thumbnailUrl\" ><div class='av-inner-masonry-sizer'><\/div><figure class='av-inner-masonry main_color'><div class=\"av-masonry-outerimage-container\"><div class=\"av-masonry-image-container\" ><img decoding=\"async\" src=\"https:\/\/www.caroline-francois-rubino.com\/wp-content\/uploads\/2021\/04\/IMG_0615-1-705x529.jpg\" title=\"Soleil levant d\u2019un arbre \u00b7 Pierre Dhainaut et Caroline Francois-Rubino \u00b7 Collection \u00ab \u00c0 c\u00f4t\u00e9 \u00bb Les Cahiers du Museur (Alain Freixe) \u00b7 21 exs sur papier Moulin du Coq \u00b7 aquarelle \u00b7 21 x 29,7 cm \u00b7 2019\" alt=\"\" \/><\/div><\/div><\/figure><\/a><!--end av-masonry entry--><a href=\"https:\/\/www.caroline-francois-rubino.com\/wp-content\/uploads\/2021\/04\/IMG_0616-e1619437866345-1200x900.jpg\" id='av-masonry-1-item-3584' data-av-masonry-item='3584' class='av-masonry-entry isotope-item post-3584 attachment type-attachment status-inherit hentry  av-masonry-item-with-image' title=\"\"  itemprop=\"thumbnailUrl\" ><div class='av-inner-masonry-sizer'><\/div><figure class='av-inner-masonry main_color'><div class=\"av-masonry-outerimage-container\"><div class=\"av-masonry-image-container\" ><img decoding=\"async\" src=\"https:\/\/www.caroline-francois-rubino.com\/wp-content\/uploads\/2021\/04\/IMG_0616-e1619437866345-705x529.jpg\" title=\"Soleil levant d\u2019un arbre \u00b7 Pierre Dhainaut et Caroline Francois-Rubino \u00b7 Collection \u00ab \u00c0 c\u00f4t\u00e9 \u00bb Les Cahiers du Museur (Alain Freixe) \u00b7 21 exs sur papier Moulin du Coq \u00b7 aquarelle \u00b7 21 x 29,7 cm \u00b7 2019\" alt=\"\" \/><\/div><\/div><\/figure><\/a><!--end av-masonry entry--><a href=\"https:\/\/www.caroline-francois-rubino.com\/wp-content\/uploads\/2021\/04\/IMG_2179-1200x900.jpg\" id='av-masonry-1-item-3686' data-av-masonry-item='3686' class='av-masonry-entry isotope-item post-3686 attachment type-attachment status-inherit hentry  av-masonry-item-with-image' title=\"\"  itemprop=\"thumbnailUrl\" ><div class='av-inner-masonry-sizer'><\/div><figure class='av-inner-masonry main_color'><div class=\"av-masonry-outerimage-container\"><div class=\"av-masonry-image-container\" ><img decoding=\"async\" src=\"https:\/\/www.caroline-francois-rubino.com\/wp-content\/uploads\/2021\/04\/IMG_2179-705x529.jpg\" title=\"Incliner le nom \u00b7 Isablle L\u00e9vesque et Caroline Fran\u00e7ois-Rubino \u00b7 Collection \u00ab Jardins sans rives \u00bb \u00b7 6 exs sur papier Moulin Richard de Bas \u00b7 25 x 33 cm \u00b7 2019\" alt=\"\" \/><\/div><\/div><\/figure><\/a><!--end av-masonry entry--><a href=\"https:\/\/www.caroline-francois-rubino.com\/wp-content\/uploads\/2021\/04\/IMG_2180-1200x900.jpg\" id='av-masonry-1-item-3688' data-av-masonry-item='3688' class='av-masonry-entry isotope-item post-3688 attachment type-attachment status-inherit hentry  av-masonry-item-with-image' title=\"\"  itemprop=\"thumbnailUrl\" ><div class='av-inner-masonry-sizer'><\/div><figure class='av-inner-masonry main_color'><div class=\"av-masonry-outerimage-container\"><div class=\"av-masonry-image-container\" ><img decoding=\"async\" src=\"https:\/\/www.caroline-francois-rubino.com\/wp-content\/uploads\/2021\/04\/IMG_2180-705x529.jpg\" title=\"Incliner le nom \u00b7 Isablle L\u00e9vesque et Caroline Fran\u00e7ois-Rubino \u00b7 Collection \u00ab Jardins sans rives \u00bb \u00b7 6 exs sur papier Moulin Richard de Bas \u00b7 25 x 33 cm \u00b7 2019\" alt=\"\" \/><\/div><\/div><\/figure><\/a><!--end av-masonry entry--><a href=\"https:\/\/www.caroline-francois-rubino.com\/wp-content\/uploads\/2021\/04\/IMG_6218-1200x1200.jpg\" id='av-masonry-1-item-3695' data-av-masonry-item='3695' class='av-masonry-entry isotope-item post-3695 attachment type-attachment status-inherit hentry  av-masonry-item-with-image' title=\"\"  itemprop=\"thumbnailUrl\" ><div class='av-inner-masonry-sizer'><\/div><figure class='av-inner-masonry main_color'><div class=\"av-masonry-outerimage-container\"><div class=\"av-masonry-image-container\" ><img decoding=\"async\" src=\"https:\/\/www.caroline-francois-rubino.com\/wp-content\/uploads\/2021\/04\/IMG_6218-705x705.jpg\" title=\"L&#8217;heure d&#8217;\u00e9t\u00e9 \u00b7 Pierre Chappuis et Caroline Fran\u00e7ois-Rubino \u00b7 Collection particuli\u00e8re \u00b7 10 exs \u00b7 2018\" alt=\"\" \/><\/div><\/div><\/figure><\/a><!--end av-masonry entry--><a href=\"https:\/\/www.caroline-francois-rubino.com\/wp-content\/uploads\/2021\/04\/IMG_6208-1200x1200.jpg\" id='av-masonry-1-item-3693' data-av-masonry-item='3693' class='av-masonry-entry isotope-item post-3693 attachment type-attachment status-inherit hentry  av-masonry-item-with-image' title=\"\"  itemprop=\"thumbnailUrl\" ><div class='av-inner-masonry-sizer'><\/div><figure class='av-inner-masonry main_color'><div class=\"av-masonry-outerimage-container\"><div class=\"av-masonry-image-container\" ><img decoding=\"async\" src=\"https:\/\/www.caroline-francois-rubino.com\/wp-content\/uploads\/2021\/04\/IMG_6208-705x705.jpg\" title=\"L&#8217;heure d&#8217;\u00e9t\u00e9 \u00b7 Pierre Chappuis et Caroline Fran\u00e7ois-Rubino \u00b7 Collection particuli\u00e8re \u00b7 10 exs \u00b7 2018\" alt=\"\" \/><\/div><\/div><\/figure><\/a><!--end av-masonry entry--><a href=\"https:\/\/www.caroline-francois-rubino.com\/wp-content\/uploads\/2021\/04\/Taylor-Fran\u00e7ois-Rubino-Mais-il-ne-faisait-pas-encore-nuit.jpg\" id='av-masonry-1-item-3756' data-av-masonry-item='3756' class='av-masonry-entry isotope-item post-3756 attachment type-attachment status-inherit hentry  av-masonry-item-with-image' title=\"\"  itemprop=\"thumbnailUrl\" ><div class='av-inner-masonry-sizer'><\/div><figure class='av-inner-masonry main_color'><div class=\"av-masonry-outerimage-container\"><div class=\"av-masonry-image-container\" ><img decoding=\"async\" src=\"https:\/\/www.caroline-francois-rubino.com\/wp-content\/uploads\/2021\/04\/Taylor-Fran\u00e7ois-Rubino-Mais-il-ne-faisait-pas-encore-nuit.jpg\" title=\"But it was not yet Night\u2026 \/ Mais il ne faisait pas encore nuit\u2026 \u00b7 John Taylor et Caroline Fran\u00e7ois-Rubino \u00b7 L3V \u00b7 2016\" alt=\"\" \/><\/div><\/div><\/figure><\/a><!--end av-masonry entry--><a href=\"https:\/\/www.caroline-francois-rubino.com\/wp-content\/uploads\/2021\/04\/Tappy-Fran\u00e7ois-Rubino-Entre-nuit-et-jour.jpg\" id='av-masonry-1-item-3754' data-av-masonry-item='3754' class='av-masonry-entry isotope-item post-3754 attachment type-attachment status-inherit hentry  av-masonry-item-with-image' title=\"\"  itemprop=\"thumbnailUrl\" ><div class='av-inner-masonry-sizer'><\/div><figure class='av-inner-masonry main_color'><div class=\"av-masonry-outerimage-container\"><div class=\"av-masonry-image-container\" ><img decoding=\"async\" src=\"https:\/\/www.caroline-francois-rubino.com\/wp-content\/uploads\/2021\/04\/Tappy-Fran\u00e7ois-Rubino-Entre-nuit-et-jour.jpg\" title=\"Entre nuit et jour \u00b7 Jos\u00e9-Flore Tappy et Caroline Fran\u00e7ois-Rubino \u00b7 L3V \u00b7 2016\" alt=\"\" \/><\/div><\/div><\/figure><\/a><!--end av-masonry entry--><a href=\"https:\/\/www.caroline-francois-rubino.com\/wp-content\/uploads\/2021\/04\/Ritman-Fran\u00e7ois-Rubino-Vers-ta-nuit.jpg\" id='av-masonry-1-item-3752' data-av-masonry-item='3752' class='av-masonry-entry isotope-item post-3752 attachment type-attachment status-inherit hentry  av-masonry-item-with-image' title=\"\"  itemprop=\"thumbnailUrl\" ><div class='av-inner-masonry-sizer'><\/div><figure class='av-inner-masonry main_color'><div class=\"av-masonry-outerimage-container\"><div class=\"av-masonry-image-container\" ><img decoding=\"async\" src=\"https:\/\/www.caroline-francois-rubino.com\/wp-content\/uploads\/2021\/04\/Ritman-Fran\u00e7ois-Rubino-Vers-ta-nuit.jpg\" title=\"Vers ta nuit \u00b7 Serge Ritman et Caroline Fran\u00e7ois-Rubino \u00b7 L3V \u00b7 2017\" alt=\"\" \/><\/div><\/div><\/figure><\/a><!--end av-masonry entry--><a href=\"https:\/\/www.caroline-francois-rubino.com\/wp-content\/uploads\/2021\/04\/L\u00e9vesque-Fran\u00e7ois-Rubino-Minuit.jpg\" id='av-masonry-1-item-3750' data-av-masonry-item='3750' class='av-masonry-entry isotope-item post-3750 attachment type-attachment status-inherit hentry  av-masonry-item-with-image' title=\"\"  itemprop=\"thumbnailUrl\" ><div class='av-inner-masonry-sizer'><\/div><figure class='av-inner-masonry main_color'><div class=\"av-masonry-outerimage-container\"><div class=\"av-masonry-image-container\" ><img decoding=\"async\" src=\"https:\/\/www.caroline-francois-rubino.com\/wp-content\/uploads\/2021\/04\/L\u00e9vesque-Fran\u00e7ois-Rubino-Minuit.jpg\" title=\"Minuit \u00b7 Isabelle L\u00e9vesque et Caroline Fran\u00e7ois-Rubino \u00b7 L3V \u00b7 2018\" alt=\"\" \/><\/div><\/div><\/figure><\/a><!--end av-masonry entry--><a href=\"https:\/\/www.caroline-francois-rubino.com\/wp-content\/uploads\/2021\/04\/Huynh-Fran\u00e7ois-Rubino-Les-nuits-o\u00f9-jai-vagu\u00e9.jpg\" id='av-masonry-1-item-3748' data-av-masonry-item='3748' class='av-masonry-entry isotope-item post-3748 attachment type-attachment status-inherit hentry  av-masonry-item-with-image' title=\"\"  itemprop=\"thumbnailUrl\" ><div class='av-inner-masonry-sizer'><\/div><figure class='av-inner-masonry main_color'><div class=\"av-masonry-outerimage-container\"><div class=\"av-masonry-image-container\" ><img decoding=\"async\" src=\"https:\/\/www.caroline-francois-rubino.com\/wp-content\/uploads\/2021\/04\/Huynh-Fran\u00e7ois-Rubino-Les-nuits-o\u00f9-jai-vagu\u00e9.jpg\" title=\"Les nuits o\u00f9 j\u2019ai vagu\u00e9 \u00b7 Sabine Huynh et Caroline Fran\u00e7ois-Rubino \u00b7 L3V \u00b7 2017\" alt=\"\" \/><\/div><\/div><\/figure><\/a><!--end av-masonry entry--><a href=\"https:\/\/www.caroline-francois-rubino.com\/wp-content\/uploads\/2021\/04\/Gl\u00fcck-Fran\u00e7ois-Rubino-Un-accent-circonflexe.jpg\" id='av-masonry-1-item-3746' data-av-masonry-item='3746' class='av-masonry-entry isotope-item post-3746 attachment type-attachment status-inherit hentry  av-masonry-item-with-image' title=\"\"  itemprop=\"thumbnailUrl\" ><div class='av-inner-masonry-sizer'><\/div><figure class='av-inner-masonry main_color'><div class=\"av-masonry-outerimage-container\"><div class=\"av-masonry-image-container\" ><img decoding=\"async\" src=\"https:\/\/www.caroline-francois-rubino.com\/wp-content\/uploads\/2021\/04\/Gl\u00fcck-Fran\u00e7ois-Rubino-Un-accent-circonflexe.jpg\" title=\"Un accent circonflexe \u00b7 Micha\u00ebl Gl\u00fcck et Caroline Fran\u00e7ois-Rubino \u00b7 L3V \u00b7 2018\" alt=\"\" \/><\/div><\/div><\/figure><\/a><!--end av-masonry entry--><a href=\"https:\/\/www.caroline-francois-rubino.com\/wp-content\/uploads\/2021\/04\/Dupuy-Fran\u00e7ois-Rubino-Le-sol-ravale-la-nuit.jpg\" id='av-masonry-1-item-3744' data-av-masonry-item='3744' class='av-masonry-entry isotope-item post-3744 attachment type-attachment status-inherit hentry  av-masonry-item-with-image' title=\"\"  itemprop=\"thumbnailUrl\" ><div class='av-inner-masonry-sizer'><\/div><figure class='av-inner-masonry main_color'><div class=\"av-masonry-outerimage-container\"><div class=\"av-masonry-image-container\" ><img decoding=\"async\" src=\"https:\/\/www.caroline-francois-rubino.com\/wp-content\/uploads\/2021\/04\/Dupuy-Fran\u00e7ois-Rubino-Le-sol-ravale-la-nuit.jpg\" title=\"Le sol ravale la nuit \u00b7 Armand Dupuy et Caroline Fran\u00e7ois-Rubino \u00b7 L3V \u00b7 2016\" alt=\"\" \/><\/div><\/div><\/figure><\/a><!--end av-masonry entry--><a href=\"https:\/\/www.caroline-francois-rubino.com\/wp-content\/uploads\/2021\/04\/Dhainaut-Fran\u00e7ois-Rubino-La-nuit-appel\u00e9e-autrement.jpg\" id='av-masonry-1-item-3742' data-av-masonry-item='3742' class='av-masonry-entry isotope-item post-3742 attachment type-attachment status-inherit hentry  av-masonry-item-with-image' title=\"\"  itemprop=\"thumbnailUrl\" ><div class='av-inner-masonry-sizer'><\/div><figure class='av-inner-masonry main_color'><div class=\"av-masonry-outerimage-container\"><div class=\"av-masonry-image-container\" ><img decoding=\"async\" src=\"https:\/\/www.caroline-francois-rubino.com\/wp-content\/uploads\/2021\/04\/Dhainaut-Fran\u00e7ois-Rubino-La-nuit-appel\u00e9e-autrement.jpg\" title=\"La nuit appel\u00e9e autrement \u00b7 Pierre Dhainaut et Caroline Fran\u00e7ois-Rubino \u00b7 L3V \u00b7 2017\" alt=\"\" \/><\/div><\/div><\/figure><\/a><!--end av-masonry entry--><\/div><\/div><\/div>\n<div class=\"flex_column av_one_full  av-animated-generic fade-in  flex_column_div av-zero-column-padding first  \" style='border-radius:0px; '><section class=\"av_textblock_section \"  itemscope=\"itemscope\" itemtype=\"https:\/\/schema.org\/BlogPosting\" itemprop=\"blogPost\" ><div class='avia_textblock  '   itemprop=\"text\" ><h2>Artists\u2019 books<\/h2>\n<p style=\"text-align: justify;\">Artists\u2019 books come into existence as if by alchemy. Where words and pictures come together on the paper, the perspective of a fragile and never-ending life is conjured up, a life where nothing is fixed or finished once and for all.<\/p>\n<p><strong>\u00c6ncrages &amp; Co editions<\/strong><br \/>\n<em>Vent \/ Wind &#8211;<\/em> John Taylor<br \/>\ntranslation Fran\u00e7oise Daviet-Taylor<em> &#8211;<\/em> paintings Caroline Fran\u00e7ois-Rubino &#8211; 2017 &#8211; 21 copies &#8211; <a href=\"https:\/\/www.aencrages.com\/2017\/08\/13\/wind-vent\/\">\u00c6ncrages &amp; Co<\/a><\/p>\n<p><span class=\"text_exposed_show\"><a href=\"https:\/\/www.caroline-francois-rubino.com\/wp-content\/uploads\/2021\/04\/IMG_E5409.jpg\"><img loading=\"lazy\" decoding=\"async\" class=\"aligncenter wp-image-3800 size-medium\" title=\"Vent \/ Wind \u00b7 John Taylor et Caroline Fran\u00e7ois-Rubino \u00b7 \u00c6ncrages &amp; Co \u00b7 2017\" src=\"https:\/\/www.caroline-francois-rubino.com\/wp-content\/uploads\/2021\/04\/IMG_E5409-300x223.jpg\" alt=\"\" width=\"300\" height=\"223\" srcset=\"https:\/\/www.caroline-francois-rubino.com\/wp-content\/uploads\/2021\/04\/IMG_E5409-300x223.jpg 300w, https:\/\/www.caroline-francois-rubino.com\/wp-content\/uploads\/2021\/04\/IMG_E5409-768x570.jpg 768w, https:\/\/www.caroline-francois-rubino.com\/wp-content\/uploads\/2021\/04\/IMG_E5409-1200x891.jpg 1200w, https:\/\/www.caroline-francois-rubino.com\/wp-content\/uploads\/2021\/04\/IMG_E5409-1500x1114.jpg 1500w, https:\/\/www.caroline-francois-rubino.com\/wp-content\/uploads\/2021\/04\/IMG_E5409-705x523.jpg 705w, https:\/\/www.caroline-francois-rubino.com\/wp-content\/uploads\/2021\/04\/IMG_E5409-450x334.jpg 450w\" sizes=\"auto, (max-width: 300px) 100vw, 300px\" \/><\/a><\/span><\/p>\n<p><em>R\u00e9miniscences (27) Chants pour traverser la mer &#8211;<\/em> Luis Miz\u00f3n<em><br \/>\n<\/em>paintings Anne Slacik and Caroline Fran\u00e7ois-Rubino &#8211;<span class=\"text_exposed_show\"> 2018 &#8211; 12 copies &#8211; <a href=\"https:\/\/www.aencrages.com\/2018\/07\/13\/chants-pour-traverser-la-mer-reminiscences-27\/\">\u00c6ncrages &amp; Co<\/a><\/span><\/p>\n<p><strong>Daniel Leuwers\u2019s collection of &#8220;Livres pauvres&#8221; <\/strong><br \/>\nwith C\u00e9cile A. Holdban, Gabrielle Althen, Fran\u00e7oise Ascal,\u00a0 Claude Chambard, Pierre Dhainaut, Micha\u00ebl Gl\u00fcck, Alexis Audren, Sabine Huynh, Daniel Leuwers, Jean-Michel Marchetti, Serge Martin-Ritman, Luis Miz\u00f3n, Fran\u00e7ois Rannou, Richard Rognet, John Taylor<\/p>\n<p><strong>L3V mt galerie collection &#8211; Marie Thamin <\/strong>(3 copies, watercolour and ink, 15 x 18 cm closed, 42 x 18 cm opened,<span class=\"Y2IQFc\" lang=\"en\"> 3<\/span>-fold leporello)<br \/>\n<em>Le sol ravale la nuit &#8211; <\/em>Armand Dupuy &#8211; 2016<br \/>\n<em>But it was not yet Night\u2026 \/ Mais il ne faisait pas encore nuit\u2026 &#8211;<\/em> John Taylor &#8211; 2016<br \/>\n<em>Entre nuit et jour &#8211; <\/em>Jos\u00e9-Flore Tappy &#8211; 2016<br \/>\n<em>La nuit appel\u00e9e autrement &#8211; <\/em>Pierre Dhainaut &#8211; 2017<br \/>\n<em>Vers ta nuit &#8211; <\/em>Serge Ritman \u2013 2017<br \/>\n<em>Les nuits o\u00f9 j&#8217;ai vagu\u00e9 &#8211; <\/em>Sabine Huynh &#8211; 2017<br \/>\n<em>Minuit &#8211; <\/em>Isabelle L\u00e9vesque &#8211; 2018<br \/>\n<em>Un accent circonflexe &#8211; <\/em>Micha\u00ebl Gl\u00fcck &#8211; 2018<\/p>\n<p><strong>&#8220;\u00c0 c\u00f4t\u00e9&#8221; collection &#8211; Les Cahiers du Museur &#8211; Alain Freixe<\/strong> (21 copies on Moulin du Coq paper, watercolour, 21 x 29,7 cm, double-folded sheet)<strong><br \/>\n<\/strong><em>Ce cri o\u00f9 la nuit s&#8217;efface<\/em> &#8211; Eliane Vernay &#8211; 2018<br \/>\n<em>Au pays des loups<\/em> &#8211; Alain Freixe &#8211; 2018<br \/>\n<em>Soleil levant d\u2019un arbre &#8211; <\/em>Pierre Dhainaut &#8211; 2019<br \/>\n<em>Dans le silence des cr\u00eates<\/em> &#8211; Alain Freixe &#8211; 2021<br \/>\n<em>\u00e0 ce qui reste dans l&#8217;air<\/em> &#8211; Alain Freixe &#8211; 2023<\/p>\n<p><strong>&#8220;Le singulier impr\u00e9visible&#8221; collection &#8211; Claude and Sophie Chambard <\/strong>(6 copies on BFK Rives paper, watercolour, 14 x 19 cm closed, 56 x 19 cm opened, <span class=\"Y2IQFc\" lang=\"en\">4<\/span>-fold leporello)<br \/>\n<em>La promenade du dimanche<\/em> &#8211; Claude Chambard- 2017<br \/>\n<em>Voix de l\u2019\u00e9coute &#8211; <\/em>Pierre Dhainaut &#8211; 2019<br \/>\n<em>Jardin \u00e9pith\u00e9lial<\/em><i> &#8211; <\/i>Chantal Dupuy-Dunier &#8211; 2019<br \/>\n<em>Le vol\/La phrase\/La peinture<\/em> &#8211; Claude Chambard &#8211; 2020<strong><br \/>\n<\/strong><em>Ainsi la terre&#8230;<\/em> &#8211; <span class=\"nc684nl6\">Claude Chambard &#8211; watercolour<\/span> on Fabriano paper &#8211; 7 copies &#8211; 2021<br \/>\n<em>Riches, sont les for\u00eats <\/em>&#8211; <span class=\"nc684nl6\">Claude Chambard &#8211;\u00a0watercolour on Fabriano paper<\/span> &#8211; 7 copies &#8211; 2021<br \/>\n<em>Haltes du matin<\/em> &#8211; Claude Chambard &#8211;\u00a0<span class=\"nc684nl6\">watercolour on Fabriano paper<\/span> &#8211; 7 copies &#8211; 2021<br \/>\n<span class=\"x193iq5w xeuugli x13faqbe x1vvkbs x1xmvt09 x1lliihq x1s928wv xhkezso x1gmr53x x1cpjm7i x1fgarty x1943h6x xudqn12 x3x7a5m x6prxxf xvq8zen xo1l8bm xzsf02u x1yc453h\" dir=\"auto\"><em>Ici s\u2019enracine le pays dans les transparences, les pigments, le geste vif.<\/em> &#8211; Claude Chambard &#8211; watercolour on paper &#8211; <\/span>7 copies &#8211; 22 x 15 cm &#8211; 2024<br \/>\n<em>Navigation int\u00e9rieure<\/em> &#8211; Marcelline Roux &#8211; watercolour on paper &#8211; 7 copies &#8211; leporello 15 x 56 cm &#8211; 2024<\/p>\n<p><strong>&#8220;Jardins sans rives&#8221; collection &#8211; Caroline Fran\u00e7ois-Rubino<\/strong> (4 or 6 copies on Moulin Richard de Bas paper, watercolour, 25 x 33 cm, double-folded sheet)<br \/>\n<em>Un matin, le douzi\u00e8me du mois &#8211; <\/em>Claude Chambard <em>&#8211; <\/em>May 2019<br \/>\n<em>L\u2019\u00e9cho d\u2019une couleur <\/em>&#8211; Pierre Dhainaut<em> &#8211; <\/em>June 2019<br \/>\n<em>Quelque chose fleur &#8211; <\/em>Sabine Huynh<em> &#8211; <\/em>August 2019<br \/>\n<em>Incliner le nom &#8211; <\/em>Isabelle L\u00e9vesque<em> &#8211; <\/em>September 2019<br \/>\n<em>Le nom de l\u2019arbre &#8211; <\/em>Pierre Dhainaut <em>&#8211; <\/em>June 2020<br \/>\n<em>Oui \u00e0 l\u2019\u00e9lan de l\u2019herbe &#8211; <\/em>Sabine Dewulf <em>&#8211;<\/em> November 2020<br \/>\n<em>Le calque du fleuve <\/em>&#8211; Thierry Bodin-Hullin &#8211;\u00a0November 2020<br \/>\n<em>&#8230; \u00e0 &#8230; &#8211; <\/em>Pierre Dhainaut<em> &#8211;\u00a0<\/em>November 2020<br \/>\n<em>Jardins 100 rives &#8211; <\/em>Alain Gorius<em> &#8211; <\/em>January 2021 &#8211; \u00ab La Parole peinte \u00bb (Al Manar) &#8211; covered copies &#8211; <a href=\"https:\/\/editmanar.com\/editions\/livres\/jardins-sans-rives\/\">editmanar.com<\/a><br \/>\n<em>Lagune<\/em> &#8211; Alain Freixe &#8211;\u00a0January 2021<br \/>\n<em>Alchimie int\u00e9rieure<\/em> &#8211; Mich\u00e8le Finck &#8211; February 2021<br \/>\n<em>Sapins<\/em> &#8211; B\u00e9atrice Marchal &#8211;\u00a0February 2021<br \/>\n<em>Jardin, rivage &#8211; <\/em>Pierre Dhainaut <em>&#8211; <\/em>March 2021<strong><br \/>\n<\/strong><em>Chemins de brumes<\/em> &#8211; Bernard Perroy &#8211; May 2021<br \/>\n<em>Dans la mouvance des nuages<\/em> &#8211; Ang\u00e8le Paoli &#8211; December 2022<br \/>\n<em>Jubilation du vent<\/em> &#8211; Emmanuel Damon &#8211; December 2022<br \/>\n<em>Embruns, semences<\/em> &#8211; Pierre Dhainaut &#8211; February 2023<br \/>\n<em>Ouvrir un seuil<\/em> &#8211; Calou Semin &#8211; February 2023<br \/>\n<em>L&#8217;elfe<\/em> &#8211; Gabrielle Althen &#8211; February 2023<br \/>\n<em>Parfois la d\u00e9mesure &#8211; Cette brisure &#8211; C&#8217;est l&#8217;orbe &#8211; Il y a pourtant<\/em> &#8211; Claudine Bohi &#8211; February 2023<\/p>\n<p><strong>Collection \u00ab Carnets de la rivi\u00e8re \u00bb &#8211; Caroline Fran\u00e7ois-Rubino<\/strong><br \/>\n<em>Ici perp\u00e9tuel<\/em> &#8211; Pierre Dhainaut &#8211; March 2022 (2 copies on kraft paper sketchbooks, ink and watercolour, 15 x 21 cm)<br \/>\n<em>D&#8217;une ligne \u00e0 l&#8217;autre<\/em> &#8211; Pierre Dhainaut and Isabelle L\u00e9vesque &#8211; March 2022 (3 copies on leporello, watercolour, 16 x 24 cm)<br \/>\n<em>Tout vient dans l&#8217;\u00e9coute<\/em> &#8211; Pierre Dhainaut &#8211; November 2022 (2 copies on\u00a0sketchbooks, watercolour, 14 x 14 cm)<br \/>\n<em>Quatre po\u00e8mes, un fleuve<\/em> &#8211; Pierre Dhainaut &#8211; October 2024 (2 copies on\u00a0sketchbooks, watercolour, 15,5 x 11 cm)<br \/>\n<em>L&#8217;aire de l&#8217;air<\/em> &#8211; Pierre Dhainaut &#8211; October 2024 (2 copies on\u00a0sketchbooks, watercolour, 9 x 14 cm)<\/p>\n<p><strong>&#8220;Affrontements&#8221; collection &#8211; Index &#8211; Laurent N\u00e9<\/strong><br \/>\n<em>Bleue, rayonnante &#8211; <\/em>Pierre Dhainaut and Caroline Fran\u00e7ois-Rubino &#8211; April 2020<br \/>\n21 copies on velin de Hollande paper, watercolour, 14 x 19 cm, double-folded sheet<\/p>\n<div dir=\"auto\"><strong>Collection Impression d\u2019Art \u2013 number 8 \u2013<\/strong> <strong>Les Ateliers Mi\u00e9nn\u00e9e de Lanou\u00e9e<\/strong><\/div>\n<div dir=\"auto\"><em>15 x 15 Syllabes<\/em> \u2013 Pierre Dhainaut and Caroline Fran\u00e7ois-Rubino \u2013 June 2022<\/div>\n<div dir=\"auto\">33 copies on V\u00e9lin d\u2019Arches 250 gr., watercolour, 28 x 28 cm, grey box<\/div>\n<p><strong>Collection Bandes d&#8217;artistes &#8211; Les Lieux-Dits Editions<\/strong><br \/>\n<em>Elle, le paysage<\/em> &#8211; Diane R\u00e9gimbald and Caroline Fran\u00e7ois-Rubino &#8211; Book 109 &#8211; June 2024<br \/>\n8 copies on Arches, watercolour, 50 x 5,5 cm, leporello in a wooden box<\/p>\n<p><strong>Digital books <\/strong><br \/>\n<em>Saisons de l&#8217;\u00e9t\u00e9 (extraits)<\/em> &#8211; Lionel Gerin &#8211; 2016 &#8211; <a href=\"https:\/\/issuu.com\/revuecequireste\/docs\/saisons_de_l___t____extraits_\">revuecequireste<\/a><br \/>\n<em>dans l&#8217;\u00e9clatement du blanc<\/em> &#8211; Roselyne Sibille &#8211; 2016 &#8211; <a href=\"https:\/\/issuu.com\/revuecequireste\/docs\/dans_l_____clatement_du_blanc\">revuecequireste<\/a><\/p>\n<p><strong>Private collections<\/strong><br \/>\nwith Claude Chambard, Pierre Chappuis, Sabine Dewulf, Pierre Dhainaut, Isabelle L\u00e9vesque, Bernard Perroy, Fran\u00e7ois Rannou, John Taylor<\/p>\n<p><a href=\"https:\/\/www.caroline-francois-rubino.com\/wp-content\/uploads\/2021\/04\/2.jpg\"><img loading=\"lazy\" decoding=\"async\" class=\"wp-image-3711 size-medium aligncenter\" title=\"En secret, \u00e0 l'air libre \u00b7 Pierre Dhainaut et Caroline Fran\u00e7ois-Rubino \u00b7 livre unique \u00b7 crayons bleu et blanc et mine de plomb sur carnet de papier gris \u00b7 format carr\u00e9 \u00b7 2017\" src=\"https:\/\/www.caroline-francois-rubino.com\/wp-content\/uploads\/2021\/04\/2-300x152.jpg\" alt=\"\" width=\"300\" height=\"152\" srcset=\"https:\/\/www.caroline-francois-rubino.com\/wp-content\/uploads\/2021\/04\/2-300x152.jpg 300w, https:\/\/www.caroline-francois-rubino.com\/wp-content\/uploads\/2021\/04\/2-768x389.jpg 768w, https:\/\/www.caroline-francois-rubino.com\/wp-content\/uploads\/2021\/04\/2-1200x608.jpg 1200w, https:\/\/www.caroline-francois-rubino.com\/wp-content\/uploads\/2021\/04\/2-1500x760.jpg 1500w, https:\/\/www.caroline-francois-rubino.com\/wp-content\/uploads\/2021\/04\/2-705x357.jpg 705w, https:\/\/www.caroline-francois-rubino.com\/wp-content\/uploads\/2021\/04\/2-450x228.jpg 450w\" sizes=\"auto, (max-width: 300px) 100vw, 300px\" \/><\/a><\/p>\n<\/div><\/section><\/div>\n","protected":false},"excerpt":{"rendered":"","protected":false},"author":2,"featured_media":3582,"comment_status":"closed","ping_status":"closed","sticky":false,"template":"","format":"standard","meta":{"footnotes":""},"categories":[10],"tags":[],"class_list":["post-3587","post","type-post","status-publish","format-standard","has-post-thumbnail","hentry","category-books"],"_links":{"self":[{"href":"https:\/\/www.caroline-francois-rubino.com\/en\/wp-json\/wp\/v2\/posts\/3587\/"}],"collection":[{"href":"https:\/\/www.caroline-francois-rubino.com\/en\/wp-json\/wp\/v2\/posts\/"}],"about":[{"href":"https:\/\/www.caroline-francois-rubino.com\/en\/wp-json\/wp\/v2\/types\/post\/"}],"author":[{"embeddable":true,"href":"https:\/\/www.caroline-francois-rubino.com\/en\/wp-json\/wp\/v2\/users\/2\/"}],"replies":[{"embeddable":true,"href":"https:\/\/www.caroline-francois-rubino.com\/en\/wp-json\/wp\/v2\/comments\/?post=3587"}],"version-history":[{"count":73,"href":"https:\/\/www.caroline-francois-rubino.com\/en\/wp-json\/wp\/v2\/posts\/3587\/revisions\/"}],"predecessor-version":[{"id":3681,"href":"https:\/\/www.caroline-francois-rubino.com\/en\/wp-json\/wp\/v2\/posts\/3587\/revisions\/3681\/"}],"wp:featuredmedia":[{"embeddable":true,"href":"https:\/\/www.caroline-francois-rubino.com\/en\/wp-json\/wp\/v2\/media\/3582\/"}],"wp:attachment":[{"href":"https:\/\/www.caroline-francois-rubino.com\/en\/wp-json\/wp\/v2\/media\/?parent=3587"}],"wp:term":[{"taxonomy":"category","embeddable":true,"href":"https:\/\/www.caroline-francois-rubino.com\/en\/wp-json\/wp\/v2\/categories\/?post=3587"},{"taxonomy":"post_tag","embeddable":true,"href":"https:\/\/www.caroline-francois-rubino.com\/en\/wp-json\/wp\/v2\/tags\/?post=3587"}],"curies":[{"name":"wp","href":"https:\/\/api.w.org\/{rel}","templated":true}]}}