{"id":4274,"date":"2022-06-14T16:42:07","date_gmt":"2022-06-14T14:42:07","guid":{"rendered":"https:\/\/www.caroline-francois-rubino.com\/?p=4274"},"modified":"2023-01-06T19:30:32","modified_gmt":"2023-01-06T18:30:32","slug":"un-art-a-lair-libre-pierre-dhainaut","status":"publish","type":"post","link":"https:\/\/www.caroline-francois-rubino.com\/en\/un-art-a-lair-libre-pierre-dhainaut\/","title":{"rendered":"Un art \u00e0 l&#8217;air libre &#8211; Pierre Dhainaut"},"content":{"rendered":"<div class=\"flex_column av_one_full  flex_column_div av-zero-column-padding first  \" style='border-radius:0px; '><div style='height:60px' class='hr hr-invisible  '><span class='hr-inner ' ><span class='hr-inner-style'><\/span><\/span><\/div><\/div>\n<div class=\"flex_column av_one_full  flex_column_div av-zero-column-padding first  \" style='border-radius:0px; '><section class=\"av_textblock_section \"  itemscope=\"itemscope\" itemtype=\"https:\/\/schema.org\/BlogPosting\" itemprop=\"blogPost\" ><div class='avia_textblock  '   itemprop=\"text\" ><h3>Un art \u00e0 l&#8217;air libre &#8211; Pierre Dhainaut<a href=\"https:\/\/www.caroline-francois-rubino.com\/wp-content\/uploads\/2022\/06\/couv-Un-art-\u00e0-lair-libre3-Copie.jpg\"><img loading=\"lazy\" decoding=\"async\" class=\"alignright wp-image-4270 size-medium\" title=\"Un art \u00e0 l'air libre - Pierre Dhainaut\" src=\"https:\/\/www.caroline-francois-rubino.com\/wp-content\/uploads\/2022\/06\/couv-Un-art-\u00e0-lair-libre3-Copie-214x300.jpg\" alt=\"\" width=\"214\" height=\"300\" srcset=\"https:\/\/www.caroline-francois-rubino.com\/wp-content\/uploads\/2022\/06\/couv-Un-art-\u00e0-lair-libre3-Copie-214x300.jpg 214w, https:\/\/www.caroline-francois-rubino.com\/wp-content\/uploads\/2022\/06\/couv-Un-art-\u00e0-lair-libre3-Copie-768x1078.jpg 768w, https:\/\/www.caroline-francois-rubino.com\/wp-content\/uploads\/2022\/06\/couv-Un-art-\u00e0-lair-libre3-Copie-855x1200.jpg 855w, https:\/\/www.caroline-francois-rubino.com\/wp-content\/uploads\/2022\/06\/couv-Un-art-\u00e0-lair-libre3-Copie-1069x1500.jpg 1069w, https:\/\/www.caroline-francois-rubino.com\/wp-content\/uploads\/2022\/06\/couv-Un-art-\u00e0-lair-libre3-Copie-502x705.jpg 502w, https:\/\/www.caroline-francois-rubino.com\/wp-content\/uploads\/2022\/06\/couv-Un-art-\u00e0-lair-libre3-Copie-450x632.jpg 450w, https:\/\/www.caroline-francois-rubino.com\/wp-content\/uploads\/2022\/06\/couv-Un-art-\u00e0-lair-libre3-Copie.jpg 1767w\" sizes=\"auto, (max-width: 214px) 100vw, 214px\" \/><\/a><\/h3>\n<p>With watercolours by Caroline Fran\u00e7ois-Rubino<br \/>\n<span id=\"fbPhotoSnowliftCaption\" class=\"fbPhotosPhotoCaption\" tabindex=\"0\" aria-live=\"polite\" data-ft=\"{\"><span class=\"hasCaption\"><span class=\"text_exposed_show\"><a href=\"https:\/\/editmanar.com\/editions\/livres\/un-art-a-lair-libre\/\">Al Manar<\/a> Editions<br \/>\nJune 2022<\/span><\/span><\/span><span id=\"fbPhotoSnowliftCaption\" class=\"fbPhotosPhotoCaption\" tabindex=\"0\" aria-live=\"polite\" data-ft=\"{\"><\/span><\/p>\n<p>\u2022\u00a0 <a href=\"https:\/\/terresdefemmes.blogs.com\/mon_weblog\/2022\/07\/pierre-dhainaut-et-caroline-fran%C3%A7ois-rubino-entretien-%C3%A0-propos-dun-art-%C3%A0-lair-libre.html?fbclid=IwAR0wGdEIEV_-KTftT2QSTzkLLsBargGZlB23JgKueDigU12DwzhTuaGzOIg\">Terres de femmes &#8211; Entretien r\u00e9alis\u00e9 par Sabine Dewulf avec Pierre Dhainaut et Caroline Fran\u00e7ois-Rubino \u00e0 propos d\u2019<em>Un Art \u00e0 l\u2019air libre<\/em><\/a><\/p>\n<p>\u2022\u00a0 <a href=\"https:\/\/terresdefemmes.blogs.com\/mon_weblog\/2022\/07\/pierre-dhainaut-un-art-%C3%A0-lair-libre-.html?fbclid=IwAR3xh1xUN3p-Ld_QHgEiWOsyeIJrQLlagJ-g1sdrmuUukCOwV9KTAJVgA10\">Terres de femmes &#8211; Pierre Dhainaut \/ <em>Un art \u00e0 l&#8217;air libre<\/em> \/ extrait<\/a><\/p>\n<p>\u2022\u00a0 <a href=\"https:\/\/poezibao.typepad.com\/poezibao\/2022\/07\/note-de-lecture-pierre-dhainaut-et-caroline-fran%C3%A7ois-rubino-un-art-%C3%A0-lair-libre-par-sabine-dewulf.html?fbclid=IwAR3Z43WJBxWa-b3b6lkMgaeOpHAvfMo5FKSmEuB3A-In6XKulG9OEwscKPA\">Poezibao &#8211; Note de lecture &#8211; Pierre Dhainaut et Caroline Fran\u00e7ois-Rubino,<em>Un art \u00e0 l&#8217;air libre<\/em><i>,<\/i> par Sabine Dewulf<\/a><\/p>\n<p>\u2022\u00a0 <a href=\"https:\/\/www.recoursaupoeme.fr\/pierre-dhainaut-un-art-a-lair-libre\/\">Recours au po\u00e8me &#8211; Note de lecture d&#8217;Isabelle L\u00e9vesque &#8211; Pierre Dhainaut, <em>Un art \u00e0 l&#8217;air libre<\/em><\/a><\/p>\n<\/div><\/section><\/div><div class=\"flex_column av_one_full  flex_column_div av-zero-column-padding first  \" style='border-radius:0px; '><div style='height:60px' class='hr hr-invisible  '><span class='hr-inner ' ><span class='hr-inner-style'><\/span><\/span><\/div><\/div><\/p>\n","protected":false},"excerpt":{"rendered":"","protected":false},"author":2,"featured_media":4270,"comment_status":"closed","ping_status":"closed","sticky":false,"template":"","format":"standard","meta":{"footnotes":""},"categories":[10],"tags":[],"class_list":["post-4274","post","type-post","status-publish","format-standard","has-post-thumbnail","hentry","category-books"],"_links":{"self":[{"href":"https:\/\/www.caroline-francois-rubino.com\/en\/wp-json\/wp\/v2\/posts\/4274\/"}],"collection":[{"href":"https:\/\/www.caroline-francois-rubino.com\/en\/wp-json\/wp\/v2\/posts\/"}],"about":[{"href":"https:\/\/www.caroline-francois-rubino.com\/en\/wp-json\/wp\/v2\/types\/post\/"}],"author":[{"embeddable":true,"href":"https:\/\/www.caroline-francois-rubino.com\/en\/wp-json\/wp\/v2\/users\/2\/"}],"replies":[{"embeddable":true,"href":"https:\/\/www.caroline-francois-rubino.com\/en\/wp-json\/wp\/v2\/comments\/?post=4274"}],"version-history":[{"count":21,"href":"https:\/\/www.caroline-francois-rubino.com\/en\/wp-json\/wp\/v2\/posts\/4274\/revisions\/"}],"predecessor-version":[{"id":4278,"href":"https:\/\/www.caroline-francois-rubino.com\/en\/wp-json\/wp\/v2\/posts\/4274\/revisions\/4278\/"}],"wp:featuredmedia":[{"embeddable":true,"href":"https:\/\/www.caroline-francois-rubino.com\/en\/wp-json\/wp\/v2\/media\/4270\/"}],"wp:attachment":[{"href":"https:\/\/www.caroline-francois-rubino.com\/en\/wp-json\/wp\/v2\/media\/?parent=4274"}],"wp:term":[{"taxonomy":"category","embeddable":true,"href":"https:\/\/www.caroline-francois-rubino.com\/en\/wp-json\/wp\/v2\/categories\/?post=4274"},{"taxonomy":"post_tag","embeddable":true,"href":"https:\/\/www.caroline-francois-rubino.com\/en\/wp-json\/wp\/v2\/tags\/?post=4274"}],"curies":[{"name":"wp","href":"https:\/\/api.w.org\/{rel}","templated":true}]}}