{"id":4498,"date":"2022-11-08T17:32:26","date_gmt":"2022-11-08T16:32:26","guid":{"rendered":"https:\/\/www.caroline-francois-rubino.com\/a-portee-dun-oui-pierre-dhainaut\/"},"modified":"2023-02-22T10:02:23","modified_gmt":"2023-02-22T09:02:23","slug":"a-portee-dun-oui-pierre-dhainaut","status":"publish","type":"post","link":"https:\/\/www.caroline-francois-rubino.com\/en\/a-portee-dun-oui-pierre-dhainaut\/","title":{"rendered":"\u00c0 port\u00e9e d&#8217;un oui &#8211; Pierre Dhainaut"},"content":{"rendered":"<div class=\"flex_column av_one_full  flex_column_div av-zero-column-padding first  \" style='border-radius:0px; '><div style='height:60px' class='hr hr-invisible  '><span class='hr-inner ' ><span class='hr-inner-style'><\/span><\/span><\/div><\/div>\n<div class=\"flex_column av_one_full  flex_column_div av-zero-column-padding first  \" style='border-radius:0px; '><section class=\"av_textblock_section \"  itemscope=\"itemscope\" itemtype=\"https:\/\/schema.org\/BlogPosting\" itemprop=\"blogPost\" ><div class='avia_textblock  '   itemprop=\"text\" ><h3><a href=\"https:\/\/www.caroline-francois-rubino.com\/wp-content\/uploads\/2022\/11\/4\u00e8me-de-couv-\u00c0-port\u00e9e-dun-oui-Pierre-Dhainaut.jpg\"><img loading=\"lazy\" decoding=\"async\" class=\"alignright wp-image-4486 size-medium\" title=\"4\u00e8me de couverture - \u00c0 port\u00e9e d'un oui - Pierre Dhainaut\" src=\"https:\/\/www.caroline-francois-rubino.com\/wp-content\/uploads\/2022\/11\/4\u00e8me-de-couv-\u00c0-port\u00e9e-dun-oui-Pierre-Dhainaut-213x300.jpg\" alt=\"\" width=\"213\" height=\"300\" srcset=\"https:\/\/www.caroline-francois-rubino.com\/wp-content\/uploads\/2022\/11\/4\u00e8me-de-couv-\u00c0-port\u00e9e-dun-oui-Pierre-Dhainaut-213x300.jpg 213w, https:\/\/www.caroline-francois-rubino.com\/wp-content\/uploads\/2022\/11\/4\u00e8me-de-couv-\u00c0-port\u00e9e-dun-oui-Pierre-Dhainaut-768x1080.jpg 768w, https:\/\/www.caroline-francois-rubino.com\/wp-content\/uploads\/2022\/11\/4\u00e8me-de-couv-\u00c0-port\u00e9e-dun-oui-Pierre-Dhainaut-853x1200.jpg 853w, https:\/\/www.caroline-francois-rubino.com\/wp-content\/uploads\/2022\/11\/4\u00e8me-de-couv-\u00c0-port\u00e9e-dun-oui-Pierre-Dhainaut-1067x1500.jpg 1067w, https:\/\/www.caroline-francois-rubino.com\/wp-content\/uploads\/2022\/11\/4\u00e8me-de-couv-\u00c0-port\u00e9e-dun-oui-Pierre-Dhainaut-501x705.jpg 501w, https:\/\/www.caroline-francois-rubino.com\/wp-content\/uploads\/2022\/11\/4\u00e8me-de-couv-\u00c0-port\u00e9e-dun-oui-Pierre-Dhainaut-450x633.jpg 450w\" sizes=\"auto, (max-width: 213px) 100vw, 213px\" \/><\/a><a href=\"https:\/\/www.caroline-francois-rubino.com\/wp-content\/uploads\/2022\/11\/couv-\u00c0-port\u00e9e-dun-oui-Pierre-Dhainaut.jpg\"><img loading=\"lazy\" decoding=\"async\" class=\"alignright wp-image-4484 size-medium\" title=\"\u00c0 port\u00e9e d'un oui - Pierre Dhainaut\" src=\"https:\/\/www.caroline-francois-rubino.com\/wp-content\/uploads\/2022\/11\/couv-\u00c0-port\u00e9e-dun-oui-Pierre-Dhainaut-210x300.jpg\" alt=\"\" width=\"210\" height=\"300\" srcset=\"https:\/\/www.caroline-francois-rubino.com\/wp-content\/uploads\/2022\/11\/couv-\u00c0-port\u00e9e-dun-oui-Pierre-Dhainaut-210x300.jpg 210w, https:\/\/www.caroline-francois-rubino.com\/wp-content\/uploads\/2022\/11\/couv-\u00c0-port\u00e9e-dun-oui-Pierre-Dhainaut-768x1099.jpg 768w, https:\/\/www.caroline-francois-rubino.com\/wp-content\/uploads\/2022\/11\/couv-\u00c0-port\u00e9e-dun-oui-Pierre-Dhainaut-838x1200.jpg 838w, https:\/\/www.caroline-francois-rubino.com\/wp-content\/uploads\/2022\/11\/couv-\u00c0-port\u00e9e-dun-oui-Pierre-Dhainaut-1048x1500.jpg 1048w, https:\/\/www.caroline-francois-rubino.com\/wp-content\/uploads\/2022\/11\/couv-\u00c0-port\u00e9e-dun-oui-Pierre-Dhainaut-492x705.jpg 492w, https:\/\/www.caroline-francois-rubino.com\/wp-content\/uploads\/2022\/11\/couv-\u00c0-port\u00e9e-dun-oui-Pierre-Dhainaut-450x644.jpg 450w\" sizes=\"auto, (max-width: 210px) 100vw, 210px\" \/><\/a> \u00c0 port\u00e9e d&#8217;un oui &#8211; Pierre Dhainaut<\/h3>\n<p>Drawings by Caroline Fran\u00e7ois-Rubino<br \/>\nCahiers du Loup bleu<br \/>\n<span id=\"fbPhotoSnowliftCaption\" class=\"fbPhotosPhotoCaption\" tabindex=\"0\" aria-live=\"polite\" data-ft=\"{\"><span class=\"hasCaption\">Les Lieux-Dits Editions<\/span><\/span><br \/>\nOctober 2022<\/p>\n<p>\u2022\u00a0 <a href=\"https:\/\/poezibao.typepad.com\/poezibao\/2022\/11\/note-de-lecture-pierre-dhainaut-a-port%C3%A9e-de-oui-par-sylvie-fabre-g.html\">Poezibao &#8211; Note de lecture de Sylvie Fabre G.<\/a><\/p>\n<p>\u2022\u00a0 <a href=\"https:\/\/www.terreaciel.net\/Lignes-d-ecoute-par-Sabine-Dewulf-fevrier-2023\">Terre \u00e0 ciel &#8211; Note de lecture de Sabine Dewulf<\/a><\/p>\n<p>\u2022\u00a0 <a href=\"https:\/\/www.terreaciel.net\/Mille-Feuilles-a-multiple-voix-a-multiple-lectures-fevrier-2023\">Terre \u00e0 ciel &#8211; Note de lecture de Calou Semin<\/a><\/p>\n<p>\u2022\u00a0 <a href=\"https:\/\/www.terreaciel.net\/Itineraires-non-balises-No11-Georges-Cathalo\">Terre \u00e0 ciel &#8211; Note de lecture de Georges Cathalo<\/a><\/p>\n<\/div><\/section><\/div>\n","protected":false},"excerpt":{"rendered":"","protected":false},"author":2,"featured_media":4485,"comment_status":"closed","ping_status":"closed","sticky":false,"template":"","format":"standard","meta":{"footnotes":""},"categories":[10],"tags":[],"class_list":["post-4498","post","type-post","status-publish","format-standard","has-post-thumbnail","hentry","category-books"],"_links":{"self":[{"href":"https:\/\/www.caroline-francois-rubino.com\/en\/wp-json\/wp\/v2\/posts\/4498\/"}],"collection":[{"href":"https:\/\/www.caroline-francois-rubino.com\/en\/wp-json\/wp\/v2\/posts\/"}],"about":[{"href":"https:\/\/www.caroline-francois-rubino.com\/en\/wp-json\/wp\/v2\/types\/post\/"}],"author":[{"embeddable":true,"href":"https:\/\/www.caroline-francois-rubino.com\/en\/wp-json\/wp\/v2\/users\/2\/"}],"replies":[{"embeddable":true,"href":"https:\/\/www.caroline-francois-rubino.com\/en\/wp-json\/wp\/v2\/comments\/?post=4498"}],"version-history":[{"count":6,"href":"https:\/\/www.caroline-francois-rubino.com\/en\/wp-json\/wp\/v2\/posts\/4498\/revisions\/"}],"predecessor-version":[{"id":4499,"href":"https:\/\/www.caroline-francois-rubino.com\/en\/wp-json\/wp\/v2\/posts\/4498\/revisions\/4499\/"}],"wp:featuredmedia":[{"embeddable":true,"href":"https:\/\/www.caroline-francois-rubino.com\/en\/wp-json\/wp\/v2\/media\/4485\/"}],"wp:attachment":[{"href":"https:\/\/www.caroline-francois-rubino.com\/en\/wp-json\/wp\/v2\/media\/?parent=4498"}],"wp:term":[{"taxonomy":"category","embeddable":true,"href":"https:\/\/www.caroline-francois-rubino.com\/en\/wp-json\/wp\/v2\/categories\/?post=4498"},{"taxonomy":"post_tag","embeddable":true,"href":"https:\/\/www.caroline-francois-rubino.com\/en\/wp-json\/wp\/v2\/tags\/?post=4498"}],"curies":[{"name":"wp","href":"https:\/\/api.w.org\/{rel}","templated":true}]}}