{"id":4510,"date":"2022-11-08T17:51:56","date_gmt":"2022-11-08T16:51:56","guid":{"rendered":"https:\/\/www.caroline-francois-rubino.com\/marcher-dans-lephemere-angele-paoli\/"},"modified":"2023-10-25T16:05:02","modified_gmt":"2023-10-25T14:05:02","slug":"marcher-dans-lephemere-angele-paoli","status":"publish","type":"post","link":"https:\/\/www.caroline-francois-rubino.com\/en\/marcher-dans-lephemere-angele-paoli\/","title":{"rendered":"Marcher dans l&#8217;\u00e9ph\u00e9m\u00e8re &#8211; Ang\u00e8le Paoli"},"content":{"rendered":"<div class=\"flex_column av_one_full  flex_column_div av-zero-column-padding first  \" style='border-radius:0px; '><div style='height:60px' class='hr hr-invisible  '><span class='hr-inner ' ><span class='hr-inner-style'><\/span><\/span><\/div><\/div>\n<div class=\"flex_column av_one_full  flex_column_div av-zero-column-padding first  \" style='border-radius:0px; '><section class=\"av_textblock_section \"  itemscope=\"itemscope\" itemtype=\"https:\/\/schema.org\/BlogPosting\" itemprop=\"blogPost\" ><div class='avia_textblock  '   itemprop=\"text\" ><h3><a href=\"https:\/\/www.caroline-francois-rubino.com\/wp-content\/uploads\/2022\/11\/4\u00e8me-de-couv-Marcher-dans-l\u00e9ph\u00e9m\u00e8re-Ang\u00e8le-Paoli.jpg\"><img loading=\"lazy\" decoding=\"async\" class=\"alignright wp-image-4490 size-medium\" title=\"4\u00e8me de couverture - Marcher dans l'\u00e9ph\u00e9m\u00e8re - Ang\u00e8le Paoli\" src=\"https:\/\/www.caroline-francois-rubino.com\/wp-content\/uploads\/2022\/11\/4\u00e8me-de-couv-Marcher-dans-l\u00e9ph\u00e9m\u00e8re-Ang\u00e8le-Paoli-213x300.jpg\" alt=\"\" width=\"213\" height=\"300\" srcset=\"https:\/\/www.caroline-francois-rubino.com\/wp-content\/uploads\/2022\/11\/4\u00e8me-de-couv-Marcher-dans-l\u00e9ph\u00e9m\u00e8re-Ang\u00e8le-Paoli-213x300.jpg 213w, https:\/\/www.caroline-francois-rubino.com\/wp-content\/uploads\/2022\/11\/4\u00e8me-de-couv-Marcher-dans-l\u00e9ph\u00e9m\u00e8re-Ang\u00e8le-Paoli-768x1080.jpg 768w, https:\/\/www.caroline-francois-rubino.com\/wp-content\/uploads\/2022\/11\/4\u00e8me-de-couv-Marcher-dans-l\u00e9ph\u00e9m\u00e8re-Ang\u00e8le-Paoli-853x1200.jpg 853w, https:\/\/www.caroline-francois-rubino.com\/wp-content\/uploads\/2022\/11\/4\u00e8me-de-couv-Marcher-dans-l\u00e9ph\u00e9m\u00e8re-Ang\u00e8le-Paoli-1067x1500.jpg 1067w, https:\/\/www.caroline-francois-rubino.com\/wp-content\/uploads\/2022\/11\/4\u00e8me-de-couv-Marcher-dans-l\u00e9ph\u00e9m\u00e8re-Ang\u00e8le-Paoli-501x705.jpg 501w, https:\/\/www.caroline-francois-rubino.com\/wp-content\/uploads\/2022\/11\/4\u00e8me-de-couv-Marcher-dans-l\u00e9ph\u00e9m\u00e8re-Ang\u00e8le-Paoli-450x633.jpg 450w\" sizes=\"auto, (max-width: 213px) 100vw, 213px\" \/><\/a><a href=\"https:\/\/www.caroline-francois-rubino.com\/wp-content\/uploads\/2022\/11\/couv-Marcher-dans-l\u00e9ph\u00e9m\u00e8re-Ang\u00e8le-Paoli.jpg\"><img loading=\"lazy\" decoding=\"async\" class=\"wp-image-4488 size-medium alignright\" title=\"Marcher dans l'\u00e9ph\u00e9m\u00e8re - Ang\u00e8le Paoli\" src=\"https:\/\/www.caroline-francois-rubino.com\/wp-content\/uploads\/2022\/11\/couv-Marcher-dans-l\u00e9ph\u00e9m\u00e8re-Ang\u00e8le-Paoli-213x300.jpg\" alt=\"\" width=\"213\" height=\"300\" srcset=\"https:\/\/www.caroline-francois-rubino.com\/wp-content\/uploads\/2022\/11\/couv-Marcher-dans-l\u00e9ph\u00e9m\u00e8re-Ang\u00e8le-Paoli-213x300.jpg 213w, https:\/\/www.caroline-francois-rubino.com\/wp-content\/uploads\/2022\/11\/couv-Marcher-dans-l\u00e9ph\u00e9m\u00e8re-Ang\u00e8le-Paoli-768x1080.jpg 768w, https:\/\/www.caroline-francois-rubino.com\/wp-content\/uploads\/2022\/11\/couv-Marcher-dans-l\u00e9ph\u00e9m\u00e8re-Ang\u00e8le-Paoli-853x1200.jpg 853w, https:\/\/www.caroline-francois-rubino.com\/wp-content\/uploads\/2022\/11\/couv-Marcher-dans-l\u00e9ph\u00e9m\u00e8re-Ang\u00e8le-Paoli-1067x1500.jpg 1067w, https:\/\/www.caroline-francois-rubino.com\/wp-content\/uploads\/2022\/11\/couv-Marcher-dans-l\u00e9ph\u00e9m\u00e8re-Ang\u00e8le-Paoli-501x705.jpg 501w, https:\/\/www.caroline-francois-rubino.com\/wp-content\/uploads\/2022\/11\/couv-Marcher-dans-l\u00e9ph\u00e9m\u00e8re-Ang\u00e8le-Paoli-450x633.jpg 450w\" sizes=\"auto, (max-width: 213px) 100vw, 213px\" \/><\/a><\/h3>\n<h3>Marcher dans l&#8217;\u00e9ph\u00e9m\u00e8re &#8211; Ang\u00e8le Paoli<\/h3>\n<p>Drawings by Caroline Fran\u00e7ois-Rubino<br \/>\nCahiers du Loup bleu<br \/>\nLes Lieux-Dits Editions<br \/>\nOctober 2022<\/p>\n<p>\u2022\u00a0 <a href=\"https:\/\/www.recoursaupoeme.fr\/angele-paoli-marcher-dans-lephemere\/?fbclid=IwAR2nd8p8Aud17-KJZY35YyZ7QSvhBJ1hvjPhK8upQ00vYJVx5EJTU152lp4\">Recours au Po\u00e8me &#8211; lecture de Philippe Leuckx<\/a><\/p>\n<p>\u2022\u00a0 <a href=\"https:\/\/terresdefemmes.blogs.com\/mon_weblog\/2022\/12\/b%C3%A9atrice-marchal-lecture-de-marcher-dans-l%C3%A9ph%C3%A9m%C3%A8re.html?fbclid=IwAR2cGLWFN8VY3v1SuTdwI1vdYHWgYaIQ8zGkqyHBuALRDoHxGWlZz8Vz0SY\">Terres de Femmes &#8211; lecture de B\u00e9atrice Marchal<\/a><\/p>\n<p>\u2022\u00a0 <strong>Revue Di\u00e9r\u00e8se<\/strong> n\u00b088 Automne 2023 : note de lecture de Jean-Louis Bernard<\/p>\n<\/div><\/section><\/div>\n","protected":false},"excerpt":{"rendered":"","protected":false},"author":2,"featured_media":4489,"comment_status":"closed","ping_status":"closed","sticky":false,"template":"","format":"standard","meta":{"footnotes":""},"categories":[10],"tags":[],"class_list":["post-4510","post","type-post","status-publish","format-standard","has-post-thumbnail","hentry","category-books"],"_links":{"self":[{"href":"https:\/\/www.caroline-francois-rubino.com\/en\/wp-json\/wp\/v2\/posts\/4510\/"}],"collection":[{"href":"https:\/\/www.caroline-francois-rubino.com\/en\/wp-json\/wp\/v2\/posts\/"}],"about":[{"href":"https:\/\/www.caroline-francois-rubino.com\/en\/wp-json\/wp\/v2\/types\/post\/"}],"author":[{"embeddable":true,"href":"https:\/\/www.caroline-francois-rubino.com\/en\/wp-json\/wp\/v2\/users\/2\/"}],"replies":[{"embeddable":true,"href":"https:\/\/www.caroline-francois-rubino.com\/en\/wp-json\/wp\/v2\/comments\/?post=4510"}],"version-history":[{"count":8,"href":"https:\/\/www.caroline-francois-rubino.com\/en\/wp-json\/wp\/v2\/posts\/4510\/revisions\/"}],"predecessor-version":[{"id":4512,"href":"https:\/\/www.caroline-francois-rubino.com\/en\/wp-json\/wp\/v2\/posts\/4510\/revisions\/4512\/"}],"wp:featuredmedia":[{"embeddable":true,"href":"https:\/\/www.caroline-francois-rubino.com\/en\/wp-json\/wp\/v2\/media\/4489\/"}],"wp:attachment":[{"href":"https:\/\/www.caroline-francois-rubino.com\/en\/wp-json\/wp\/v2\/media\/?parent=4510"}],"wp:term":[{"taxonomy":"category","embeddable":true,"href":"https:\/\/www.caroline-francois-rubino.com\/en\/wp-json\/wp\/v2\/categories\/?post=4510"},{"taxonomy":"post_tag","embeddable":true,"href":"https:\/\/www.caroline-francois-rubino.com\/en\/wp-json\/wp\/v2\/tags\/?post=4510"}],"curies":[{"name":"wp","href":"https:\/\/api.w.org\/{rel}","templated":true}]}}