{"id":459,"date":"2018-01-01T14:55:56","date_gmt":"2018-01-01T13:55:56","guid":{"rendered":"http:\/\/www.caroline-francois-rubino.com\/?p=459"},"modified":"2021-04-22T08:53:28","modified_gmt":"2021-04-22T06:53:28","slug":"sur-laube-dun-ciel-tache-dencre-michael-gluck","status":"publish","type":"post","link":"https:\/\/www.caroline-francois-rubino.com\/en\/sur-laube-dun-ciel-tache-dencre-michael-gluck\/","title":{"rendered":"Sur l\u2019aube d\u2019un ciel tach\u00e9 d\u2019encre &#8211; Micha\u00ebl Gl\u00fcck"},"content":{"rendered":"<div class=\"flex_column av_one_full  flex_column_div av-zero-column-padding first  \" style='border-radius:0px; '><div style='height:60px' class='hr hr-invisible  '><span class='hr-inner ' ><span class='hr-inner-style'><\/span><\/span><\/div><\/div>\n<div class=\"flex_column av_one_full  flex_column_div av-zero-column-padding first  \" style='border-radius:0px; '><section class=\"av_textblock_section \"  itemscope=\"itemscope\" itemtype=\"https:\/\/schema.org\/BlogPosting\" itemprop=\"blogPost\" ><div class='avia_textblock  '   itemprop=\"text\" ><h3><img loading=\"lazy\" decoding=\"async\" class=\"alignright wp-image-423\" title=\"Sur l\u2019aube d\u2019un ciel tach\u00e9 d\u2019encre - Micha\u00ebl Gl\u00fcck\" src=\"http:\/\/www.caroline-francois-rubino.com\/wp-content\/uploads\/2018\/01\/1801-souslaubedunciel-3.jpg\" alt=\"\" width=\"300\" height=\"604\" srcset=\"https:\/\/www.caroline-francois-rubino.com\/wp-content\/uploads\/2018\/01\/1801-souslaubedunciel-3.jpg 318w, https:\/\/www.caroline-francois-rubino.com\/wp-content\/uploads\/2018\/01\/1801-souslaubedunciel-3-149x300.jpg 149w\" sizes=\"auto, (max-width: 300px) 100vw, 300px\" \/>Sur l\u2019aube d\u2019un ciel tach\u00e9 d\u2019encre &#8211; Micha\u00ebl Gl\u00fcck<\/h3>\n<p>With drawings by Caroline Fran\u00e7ois-Rubino<br \/>\n<a href=\"http:\/\/www.propos2editions.com\/1\/sur_l_aube_d_un_ciel_tache_d_encre_2946682.html\">Propos 2 editions<\/a><br \/>\nJanuary 2018<\/p>\n<p>\u2022\u00a0 Micha\u00ebl Gl\u00fcck <span class=\"amp\">&amp;<\/span> Caroline Fran\u00e7ois-Rubino, <i> Sur l\u2019aube d\u2019un ciel tach\u00e9 d\u2019encre<\/i> by Jean-Paul Gavard-Perret &#8211; <a href=\"http:\/\/www.lelitteraire.com\/?p=37906\">lelitteraire.com<\/a><\/p>\n<p>\u2022\u00a0 La chambre obscure du po\u00e8me by Isabelle L\u00e9vesque\u00a0&#8211; <a href=\"https:\/\/www.nouvelle-quinzaine-litteraire.fr\/mode-lecture\/la-chambre-obscure-du-poeme-1212\">Quinzaines<\/a><\/p>\n<p>\u2022\u00a0 Presentation by Claude Chambard &#8211; <a href=\"http:\/\/www.unnecessairemalentendu.com\/archive\/2018\/05\/30\/michael-gluck-caroline-francois-rubino-sur-l-aube-d-un-ciel-6055642.html\">Un n\u00e9cessaire malentendu<\/a><\/p>\n<p>\u2022\u00a0 The French poet <a href=\"http:\/\/sabinehuynh.com\/\">Sabine Huynh<\/a> has made this fine presentation of this book in the review <a href=\"https:\/\/www.terreaciel.net\/Lus-un-jour-aimes-pour-toujours-11#.XSBWLpMzZo4\"><em>Terre \u00e0 ciel<\/em><\/a>:<\/p>\n<p style=\"text-align: left;\"><strong>Micha\u00ebl Gl\u00fcck, <i>Sur l\u2019aube d\u2019un ciel tach\u00e9 d\u2019encre<\/i>, avec des dessins de Caroline Fran\u00e7ois-Rubino, Propos2\u00e9ditions, 2018 <\/strong><\/p>\n<p style=\"text-align: justify;\">Il y a&#8230; des \u00ab\u00a0distiques de peu\u00a0\u00bb, matinaux, humoristiques, ha\u00efkuesques. Il a les questions que ces paires de vers posent d\u00e8s le saut du lit, sur le corps qui se d\u00e9lite lentement, sur la nuit et ses ombres qui gagnent sur les jours \u00ab\u00a0d\u00e9faits\u00a0\u00bb, sur les guerres, les ruines, \u00ab\u00a0la fum\u00e9e des morts\u00a0\u00bb, les fant\u00f4mes, le \u00ab\u00a0collier de noms absents\u00a0\u00bb que \u00ab\u00a0nous portons tous autour du cou\u00a0\u00bb. Malgr\u00e9 les cauchemars qui font trembler les paupi\u00e8res, il y a toujours la recherche acharn\u00e9e des mots, de la musique, et Mandelstam, et l\u2019humanisme. Il y a les trains et les tramways qui traversent les r\u00eaves et les paysages d\u2019exil magnifiquement peints par Caroline Fran\u00e7ois-Rubino. Il y a les langues pour le dire, po\u00e8mes, babils, balbutiements, cris, p\u00e9piements, \u00ab\u00a0voix-violoncelle\u00a0\u00bb, et \u00ab\u00a0se r\u00e9veiller au milieu des mots \/ pour vivre encore et se lever\u00a0\u00bb, leur go\u00fbt sur la langue.<\/p>\n<p>\u00ab\u00a028<br class=\"autobr\" \/>aucune neige sur les toits<br class=\"autobr\" \/>pas un flocon sur l\u2019oranger<\/p>\n<p>29<br class=\"autobr\" \/>s\u2019arracher \u00e0 la nuit ou bien<br class=\"autobr\" \/>se laisser attirer par le jour<\/p>\n<p>30<br class=\"autobr\" \/>constellations de mots<br class=\"autobr\" \/>les chants enfouis se l\u00e8vent\u00a0\u00bb<\/p>\n<p><span class=\"spip_document_2915 spip_documents spip_documents_center\"> <img loading=\"lazy\" decoding=\"async\" src=\"https:\/\/www.terreaciel.net\/local\/cache-vignettes\/L500xH282\/gluck-aad5e.jpg?1572802468\" alt=\"\" width=\"500\" height=\"282\" \/><\/span><\/p>\n<\/div><\/section><\/div>\n","protected":false},"excerpt":{"rendered":"","protected":false},"author":1,"featured_media":424,"comment_status":"closed","ping_status":"closed","sticky":false,"template":"","format":"standard","meta":{"footnotes":""},"categories":[10],"tags":[],"class_list":["post-459","post","type-post","status-publish","format-standard","has-post-thumbnail","hentry","category-books"],"_links":{"self":[{"href":"https:\/\/www.caroline-francois-rubino.com\/en\/wp-json\/wp\/v2\/posts\/459\/"}],"collection":[{"href":"https:\/\/www.caroline-francois-rubino.com\/en\/wp-json\/wp\/v2\/posts\/"}],"about":[{"href":"https:\/\/www.caroline-francois-rubino.com\/en\/wp-json\/wp\/v2\/types\/post\/"}],"author":[{"embeddable":true,"href":"https:\/\/www.caroline-francois-rubino.com\/en\/wp-json\/wp\/v2\/users\/1\/"}],"replies":[{"embeddable":true,"href":"https:\/\/www.caroline-francois-rubino.com\/en\/wp-json\/wp\/v2\/comments\/?post=459"}],"version-history":[{"count":20,"href":"https:\/\/www.caroline-francois-rubino.com\/en\/wp-json\/wp\/v2\/posts\/459\/revisions\/"}],"predecessor-version":[{"id":3428,"href":"https:\/\/www.caroline-francois-rubino.com\/en\/wp-json\/wp\/v2\/posts\/459\/revisions\/3428\/"}],"wp:featuredmedia":[{"embeddable":true,"href":"https:\/\/www.caroline-francois-rubino.com\/en\/wp-json\/wp\/v2\/media\/424\/"}],"wp:attachment":[{"href":"https:\/\/www.caroline-francois-rubino.com\/en\/wp-json\/wp\/v2\/media\/?parent=459"}],"wp:term":[{"taxonomy":"category","embeddable":true,"href":"https:\/\/www.caroline-francois-rubino.com\/en\/wp-json\/wp\/v2\/categories\/?post=459"},{"taxonomy":"post_tag","embeddable":true,"href":"https:\/\/www.caroline-francois-rubino.com\/en\/wp-json\/wp\/v2\/tags\/?post=459"}],"curies":[{"name":"wp","href":"https:\/\/api.w.org\/{rel}","templated":true}]}}