{"id":5012,"date":"2023-10-03T14:16:52","date_gmt":"2023-10-03T12:16:52","guid":{"rendered":"https:\/\/www.caroline-francois-rubino.com\/?p=5012"},"modified":"2024-06-28T15:31:47","modified_gmt":"2024-06-28T13:31:47","slug":"le-traceur-daube-philippe-leuckx","status":"publish","type":"post","link":"https:\/\/www.caroline-francois-rubino.com\/en\/le-traceur-daube-philippe-leuckx\/","title":{"rendered":"Le traceur d&#8217;aube &#8211; Philippe Leuckx"},"content":{"rendered":"<div class=\"flex_column av_one_full  flex_column_div av-zero-column-padding first  \" style='border-radius:0px; '><div style='height:60px' class='hr hr-invisible  '><span class='hr-inner ' ><span class='hr-inner-style'><\/span><\/span><\/div><\/div>\n<div class=\"flex_column av_one_full  flex_column_div av-zero-column-padding first  \" style='border-radius:0px; '><section class=\"av_textblock_section \"  itemscope=\"itemscope\" itemtype=\"https:\/\/schema.org\/BlogPosting\" itemprop=\"blogPost\" ><div class='avia_textblock  '   itemprop=\"text\" ><h3><a href=\"https:\/\/www.caroline-francois-rubino.com\/wp-content\/uploads\/2023\/10\/Philippe-Leuckx-Le-traceur-daube-Copie-retouch\u00e9e.jpg\"><img loading=\"lazy\" decoding=\"async\" class=\"alignright wp-image-5009 size-medium\" title=\"Le traceur d'aube - Philippe Leuckx\" src=\"https:\/\/www.caroline-francois-rubino.com\/wp-content\/uploads\/2023\/10\/Philippe-Leuckx-Le-traceur-daube-Copie-retouch\u00e9e-210x300.jpg\" alt=\"\" width=\"210\" height=\"300\" srcset=\"https:\/\/www.caroline-francois-rubino.com\/wp-content\/uploads\/2023\/10\/Philippe-Leuckx-Le-traceur-daube-Copie-retouch\u00e9e-210x300.jpg 210w, https:\/\/www.caroline-francois-rubino.com\/wp-content\/uploads\/2023\/10\/Philippe-Leuckx-Le-traceur-daube-Copie-retouch\u00e9e-494x705.jpg 494w, https:\/\/www.caroline-francois-rubino.com\/wp-content\/uploads\/2023\/10\/Philippe-Leuckx-Le-traceur-daube-Copie-retouch\u00e9e-450x643.jpg 450w, https:\/\/www.caroline-francois-rubino.com\/wp-content\/uploads\/2023\/10\/Philippe-Leuckx-Le-traceur-daube-Copie-retouch\u00e9e.jpg 507w\" sizes=\"auto, (max-width: 210px) 100vw, 210px\" \/><\/a>Le traceur d&#8217;aube &#8211; Philippe Leuckx<\/h3>\n<p>With watercolours by Caroline Fran\u00e7ois-Rubino<br \/>\nPreface by Philippe Colmant<br \/>\n<span id=\"fbPhotoSnowliftCaption\" class=\"fbPhotosPhotoCaption\" tabindex=\"0\" aria-live=\"polite\" data-ft=\"{\"><span class=\"hasCaption\"><a href=\"https:\/\/editmanar.com\/editions\/livres\/le-traceur-daube\/\">Al Manar<\/a> Editions<br \/>\n<span class=\"text_exposed_show\">September 2023<\/span><\/span><\/span><br \/>\nAwarded Prix Fran\u00e7ois Copp\u00e9e de l&#8217;Acad\u00e9mie fran\u00e7aise 2024<\/p>\n<p>\u2022\u00a0 <a href=\"https:\/\/le-carnet-et-les-instants.net\/2023\/11\/02\/leuckx-le-traceur-d-aube\/?fbclid=IwAR08BaiU3-nbWHUcsN8T4Vul7b6pPmn2bB14toqiu13_dL-j6dWRcZXvZnU\">Le Carnet et les Instants<\/a> : review by \u00c9ric Brogniet<\/p>\n<p>\u2022\u00a0 <a href=\"https:\/\/www.areaw.be\/philippe-leuckx-le-traceur-daube-poemes-ed-al-manar2023-20-e-aquarelles-de-caroline-francois-rubino\/\">Association Royale des \u00c9crivains et Artistes de Wallonie\/Bruxelles<\/a> : review by Joseph Bodson<\/p>\n<\/div><\/section><\/div>\n","protected":false},"excerpt":{"rendered":"","protected":false},"author":2,"featured_media":5009,"comment_status":"closed","ping_status":"closed","sticky":false,"template":"","format":"standard","meta":{"footnotes":""},"categories":[10],"tags":[],"class_list":["post-5012","post","type-post","status-publish","format-standard","has-post-thumbnail","hentry","category-books"],"_links":{"self":[{"href":"https:\/\/www.caroline-francois-rubino.com\/en\/wp-json\/wp\/v2\/posts\/5012\/"}],"collection":[{"href":"https:\/\/www.caroline-francois-rubino.com\/en\/wp-json\/wp\/v2\/posts\/"}],"about":[{"href":"https:\/\/www.caroline-francois-rubino.com\/en\/wp-json\/wp\/v2\/types\/post\/"}],"author":[{"embeddable":true,"href":"https:\/\/www.caroline-francois-rubino.com\/en\/wp-json\/wp\/v2\/users\/2\/"}],"replies":[{"embeddable":true,"href":"https:\/\/www.caroline-francois-rubino.com\/en\/wp-json\/wp\/v2\/comments\/?post=5012"}],"version-history":[{"count":7,"href":"https:\/\/www.caroline-francois-rubino.com\/en\/wp-json\/wp\/v2\/posts\/5012\/revisions\/"}],"predecessor-version":[{"id":5014,"href":"https:\/\/www.caroline-francois-rubino.com\/en\/wp-json\/wp\/v2\/posts\/5012\/revisions\/5014\/"}],"wp:featuredmedia":[{"embeddable":true,"href":"https:\/\/www.caroline-francois-rubino.com\/en\/wp-json\/wp\/v2\/media\/5009\/"}],"wp:attachment":[{"href":"https:\/\/www.caroline-francois-rubino.com\/en\/wp-json\/wp\/v2\/media\/?parent=5012"}],"wp:term":[{"taxonomy":"category","embeddable":true,"href":"https:\/\/www.caroline-francois-rubino.com\/en\/wp-json\/wp\/v2\/categories\/?post=5012"},{"taxonomy":"post_tag","embeddable":true,"href":"https:\/\/www.caroline-francois-rubino.com\/en\/wp-json\/wp\/v2\/tags\/?post=5012"}],"curies":[{"name":"wp","href":"https:\/\/api.w.org\/{rel}","templated":true}]}}