{"id":5747,"date":"2025-12-09T18:54:45","date_gmt":"2025-12-09T17:54:45","guid":{"rendered":"https:\/\/www.caroline-francois-rubino.com\/?p=5747"},"modified":"2025-12-09T19:45:18","modified_gmt":"2025-12-09T18:45:18","slug":"bibliotheques-des-nuages-poesie-espaces-representations-sous-la-direction-de-agnes-callu","status":"publish","type":"post","link":"https:\/\/www.caroline-francois-rubino.com\/en\/bibliotheques-des-nuages-poesie-espaces-representations-sous-la-direction-de-agnes-callu\/","title":{"rendered":"Biblioth\u00e8que(s) des nuages &#8211; po\u00e9sie, espaces &#038; repr\u00e9sentations &#8211; sous la direction de Agn\u00e8s Callu"},"content":{"rendered":"<div class=\"flex_column av_one_full  flex_column_div av-zero-column-padding first  \" style='border-radius:0px; '><div style='height:60px' class='hr hr-invisible  '><span class='hr-inner ' ><span class='hr-inner-style'><\/span><\/span><\/div><\/div>\n<div class=\"flex_column av_one_full  flex_column_div av-zero-column-padding first  \" style='border-radius:0px; '><section class=\"av_textblock_section \"  itemscope=\"itemscope\" itemtype=\"https:\/\/schema.org\/BlogPosting\" itemprop=\"blogPost\" ><div class='avia_textblock  '   itemprop=\"text\" ><h3><a href=\"https:\/\/www.caroline-francois-rubino.com\/wp-content\/uploads\/2025\/12\/Bibliotheques-des-nuages-couverture.jpg\"><img loading=\"lazy\" decoding=\"async\" class=\"alignright wp-image-5742 size-medium\" title=\"Biblioth\u00e8que(s) des nuages - po\u00e9sie, espaces &amp; repr\u00e9sentations - sous la direction de Agn\u00e8s Callu\" src=\"https:\/\/www.caroline-francois-rubino.com\/wp-content\/uploads\/2025\/12\/Bibliotheques-des-nuages-couverture-245x300.jpg\" alt=\"\" width=\"245\" height=\"300\" srcset=\"https:\/\/www.caroline-francois-rubino.com\/wp-content\/uploads\/2025\/12\/Bibliotheques-des-nuages-couverture-245x300.jpg 245w, https:\/\/www.caroline-francois-rubino.com\/wp-content\/uploads\/2025\/12\/Bibliotheques-des-nuages-couverture-979x1200.jpg 979w, https:\/\/www.caroline-francois-rubino.com\/wp-content\/uploads\/2025\/12\/Bibliotheques-des-nuages-couverture-768x941.jpg 768w, https:\/\/www.caroline-francois-rubino.com\/wp-content\/uploads\/2025\/12\/Bibliotheques-des-nuages-couverture-1254x1536.jpg 1254w, https:\/\/www.caroline-francois-rubino.com\/wp-content\/uploads\/2025\/12\/Bibliotheques-des-nuages-couverture-1224x1500.jpg 1224w, https:\/\/www.caroline-francois-rubino.com\/wp-content\/uploads\/2025\/12\/Bibliotheques-des-nuages-couverture-575x705.jpg 575w, https:\/\/www.caroline-francois-rubino.com\/wp-content\/uploads\/2025\/12\/Bibliotheques-des-nuages-couverture-450x551.jpg 450w, https:\/\/www.caroline-francois-rubino.com\/wp-content\/uploads\/2025\/12\/Bibliotheques-des-nuages-couverture.jpg 1297w\" sizes=\"auto, (max-width: 245px) 100vw, 245px\" \/><\/a>Biblioth\u00e8que(s) des nuages &#8211; po\u00e9sie, espaces &amp; repr\u00e9sentations &#8211; sous la direction de Agn\u00e8s Callu<\/h3>\n<p><span id=\"fbPhotoSnowliftCaption\" class=\"fbPhotosPhotoCaption\" tabindex=\"0\" aria-live=\"polite\" data-ft=\"{\"><span class=\"hasCaption\"><span class=\"text_exposed_show\">Contributors : Agn\u00e8s Callu and Filomena Borecka, Fabrice Cazenave, Caroline Fran\u00e7ois-Rubino, Patrick Gries, Herv\u00e9 Micolet, Bernard Moninot, Davide Napoli, Sara Oudin, Fran\u00e7ois R\u00e9au, Pascale Weber, Simon Woillet.<\/span><\/span><\/span><\/p>\n<p><span id=\"fbPhotoSnowliftCaption\" class=\"fbPhotosPhotoCaption\" tabindex=\"0\" aria-live=\"polite\" data-ft=\"{\"><span class=\"hasCaption\"><span class=\"text_exposed_show\"><a href=\"https:\/\/www.jacques-andre-editeur.eu\/livre\/bibliotheques-des-nuages\">Jacques Andr\u00e9 \u00c9diteur<\/a><\/span><\/span><\/span><br \/>\nNovember 2025<\/p>\n<p><a href=\"https:\/\/www.caroline-francois-rubino.com\/wp-content\/uploads\/2025\/12\/LART-DES-NUAGES_-Caroline-Francois-Rubino-pdf.pdf\">L&#8217;ART DES NUAGES_ Caroline Fran\u00e7ois-Rubino &#8211; pdf<\/a><\/p>\n<\/div><\/section><\/div>\n","protected":false},"excerpt":{"rendered":"","protected":false},"author":2,"featured_media":5742,"comment_status":"closed","ping_status":"closed","sticky":false,"template":"","format":"standard","meta":{"footnotes":""},"categories":[10],"tags":[],"class_list":["post-5747","post","type-post","status-publish","format-standard","has-post-thumbnail","hentry","category-books"],"_links":{"self":[{"href":"https:\/\/www.caroline-francois-rubino.com\/en\/wp-json\/wp\/v2\/posts\/5747\/"}],"collection":[{"href":"https:\/\/www.caroline-francois-rubino.com\/en\/wp-json\/wp\/v2\/posts\/"}],"about":[{"href":"https:\/\/www.caroline-francois-rubino.com\/en\/wp-json\/wp\/v2\/types\/post\/"}],"author":[{"embeddable":true,"href":"https:\/\/www.caroline-francois-rubino.com\/en\/wp-json\/wp\/v2\/users\/2\/"}],"replies":[{"embeddable":true,"href":"https:\/\/www.caroline-francois-rubino.com\/en\/wp-json\/wp\/v2\/comments\/?post=5747"}],"version-history":[{"count":7,"href":"https:\/\/www.caroline-francois-rubino.com\/en\/wp-json\/wp\/v2\/posts\/5747\/revisions\/"}],"predecessor-version":[{"id":5749,"href":"https:\/\/www.caroline-francois-rubino.com\/en\/wp-json\/wp\/v2\/posts\/5747\/revisions\/5749\/"}],"wp:featuredmedia":[{"embeddable":true,"href":"https:\/\/www.caroline-francois-rubino.com\/en\/wp-json\/wp\/v2\/media\/5742\/"}],"wp:attachment":[{"href":"https:\/\/www.caroline-francois-rubino.com\/en\/wp-json\/wp\/v2\/media\/?parent=5747"}],"wp:term":[{"taxonomy":"category","embeddable":true,"href":"https:\/\/www.caroline-francois-rubino.com\/en\/wp-json\/wp\/v2\/categories\/?post=5747"},{"taxonomy":"post_tag","embeddable":true,"href":"https:\/\/www.caroline-francois-rubino.com\/en\/wp-json\/wp\/v2\/tags\/?post=5747"}],"curies":[{"name":"wp","href":"https:\/\/api.w.org\/{rel}","templated":true}]}}