{"id":865,"date":"2018-06-02T16:25:59","date_gmt":"2018-06-02T14:25:59","guid":{"rendered":"http:\/\/www.caroline-francois-rubino.com\/?p=865"},"modified":"2019-11-17T14:05:17","modified_gmt":"2019-11-17T13:05:17","slug":"rendez-vous-a-larbre-bruyere-angele-paoli-and-stephan-causse","status":"publish","type":"post","link":"https:\/\/www.caroline-francois-rubino.com\/en\/rendez-vous-a-larbre-bruyere-angele-paoli-and-stephan-causse\/","title":{"rendered":"Rendez-vous \u00e0 l&#8217;arbre bruy\u00e8re &#8211; Ang\u00e8le Paoli and St\u00e9phan Causse"},"content":{"rendered":"<div class=\"flex_column av_one_full  flex_column_div av-zero-column-padding first  \" style='border-radius:0px; '><div style='height:60px' class='hr hr-invisible  '><span class='hr-inner ' ><span class='hr-inner-style'><\/span><\/span><\/div><\/div>\n<div class=\"flex_column av_one_full  flex_column_div av-zero-column-padding first  \" style='border-radius:0px; '><section class=\"av_textblock_section \"  itemscope=\"itemscope\" itemtype=\"https:\/\/schema.org\/BlogPosting\" itemprop=\"blogPost\" ><div class='avia_textblock  '   itemprop=\"text\" ><h3><a href=\"http:\/\/www.caroline-francois-rubino.com\/wp-content\/uploads\/2018\/06\/1806-livre-francois-c-rubino-2.jpg\"><img loading=\"lazy\" decoding=\"async\" class=\"alignright wp-image-862\" title=\"Rendez-vous \u00e0 l'arbre bruy\u00e8re - Ang\u00e8le Paoli and St\u00e9phan Causse\" src=\"http:\/\/www.caroline-francois-rubino.com\/wp-content\/uploads\/2018\/06\/1806-livre-francois-c-rubino-2.jpg\" alt=\"\" width=\"300\" height=\"417\" srcset=\"https:\/\/www.caroline-francois-rubino.com\/wp-content\/uploads\/2018\/06\/1806-livre-francois-c-rubino-2.jpg 421w, https:\/\/www.caroline-francois-rubino.com\/wp-content\/uploads\/2018\/06\/1806-livre-francois-c-rubino-2-216x300.jpg 216w\" sizes=\"auto, (max-width: 300px) 100vw, 300px\" \/><\/a>Rendez-vous \u00e0 l&#8217;arbre bruy\u00e8re &#8211; Ang\u00e8le Paoli and St\u00e9phan Causse<\/h3>\n<p>With inks by Caroline Fran\u00e7ois-Rubino<br \/>\n<a href=\"https:\/\/editmanar.com\/editions\/livres\/rendez-vous-a-larbre-bruyere\/?fbclid=IwAR13nWOz8US16xlSqpjUhq6I2IfGKbZEoitxV-dWdx8q0vAS2fgCSxiPW9I\">Al Manar<\/a> Editions<br \/>\nJune 2018<\/p>\n<p>\u2022\u00a0 <a href=\"https:\/\/www.terreaciel.net\/Angele-Paoli-Stephan-Causse-Rendez-vous-a-l-arbre-bruyere-par-Isabelle-Levesque#.W9oscfaNyUk\">\u00c0 livre ouvert &#8211; Revue Terre \u00e0 ciel &#8211; automne 2018<\/a><\/p>\n<\/div><\/section><\/div>\n","protected":false},"excerpt":{"rendered":"","protected":false},"author":1,"featured_media":863,"comment_status":"closed","ping_status":"closed","sticky":false,"template":"","format":"standard","meta":{"footnotes":""},"categories":[10],"tags":[],"class_list":["post-865","post","type-post","status-publish","format-standard","has-post-thumbnail","hentry","category-books"],"_links":{"self":[{"href":"https:\/\/www.caroline-francois-rubino.com\/en\/wp-json\/wp\/v2\/posts\/865\/"}],"collection":[{"href":"https:\/\/www.caroline-francois-rubino.com\/en\/wp-json\/wp\/v2\/posts\/"}],"about":[{"href":"https:\/\/www.caroline-francois-rubino.com\/en\/wp-json\/wp\/v2\/types\/post\/"}],"author":[{"embeddable":true,"href":"https:\/\/www.caroline-francois-rubino.com\/en\/wp-json\/wp\/v2\/users\/1\/"}],"replies":[{"embeddable":true,"href":"https:\/\/www.caroline-francois-rubino.com\/en\/wp-json\/wp\/v2\/comments\/?post=865"}],"version-history":[{"count":15,"href":"https:\/\/www.caroline-francois-rubino.com\/en\/wp-json\/wp\/v2\/posts\/865\/revisions\/"}],"predecessor-version":[{"id":975,"href":"https:\/\/www.caroline-francois-rubino.com\/en\/wp-json\/wp\/v2\/posts\/865\/revisions\/975\/"}],"wp:featuredmedia":[{"embeddable":true,"href":"https:\/\/www.caroline-francois-rubino.com\/en\/wp-json\/wp\/v2\/media\/863\/"}],"wp:attachment":[{"href":"https:\/\/www.caroline-francois-rubino.com\/en\/wp-json\/wp\/v2\/media\/?parent=865"}],"wp:term":[{"taxonomy":"category","embeddable":true,"href":"https:\/\/www.caroline-francois-rubino.com\/en\/wp-json\/wp\/v2\/categories\/?post=865"},{"taxonomy":"post_tag","embeddable":true,"href":"https:\/\/www.caroline-francois-rubino.com\/en\/wp-json\/wp\/v2\/tags\/?post=865"}],"curies":[{"name":"wp","href":"https:\/\/api.w.org\/{rel}","templated":true}]}}